{"id":103060,"date":"2019-07-02T09:20:49","date_gmt":"2019-07-02T12:20:49","guid":{"rendered":"http:\/\/www.caririemacao.com\/1\/?p=103060"},"modified":"2019-07-02T09:20:49","modified_gmt":"2019-07-02T12:20:49","slug":"cabral-diz-que-paes-recebeu-r-6-milhoes-em-caixa-dois","status":"publish","type":"post","link":"https:\/\/www.caririemacao.com\/1\/2019\/07\/02\/cabral-diz-que-paes-recebeu-r-6-milhoes-em-caixa-dois\/","title":{"rendered":"Cabral diz que Paes recebeu R$ 6 milh\u00f5es em caixa dois"},"content":{"rendered":"\n<p>O ex-governador do Rio de Janeiro S\u00e9rgio Cabral disse, durante depoimento na 7\u00aa Vara Federal Criminal, que o empres\u00e1rio Arthur Soares, conhecido como Rei Arthur, atualmente foragido da Justi\u00e7a, contribuiu com R$ 6 milh\u00f5es, em caixa dois, para a campanha do ex-prefeito do Rio Eduardo Paes, em troca de ganhar uma licita\u00e7\u00e3o para oferecer servi\u00e7os no Centro de Opera\u00e7\u00f5es Rio (COR). O ex-prefeito nega ter recebido doa\u00e7\u00f5es irregulares.<\/p>\n\n\n\n<p>\u201cEm 2008 eu consegui convenc\u00ea-lo [Arthur] a ser o maior doador da campanha de Eduardo Paes. Ele deu cerca de R$ 6 milh\u00f5es, at\u00e9 mais do que pra mim, na campanha do Eduardo. Houve depois um certo ru\u00eddo entre ele e o Eduardo, porque ele reclamou que o Eduardo n\u00e3o o atendia com contratos. Acabou sendo atendido na \u00e1rea da sa\u00fade e tamb\u00e9m na \u00e1rea do centro de controle da prefeitura, o centro de opera\u00e7\u00f5es, a\u00ed ele ganhou a concorr\u00eancia. Foi endere\u00e7ada para ele, para contemplar pela ajuda dele na campanha eleitoral\u201d, disse o ex-governador, nesta segunda-feira (1\u00ba), ao juiz Marcelo Bretas.<\/p>\n\n\n\n<p>Cabral explicou que Paes, em sua primeira campanha \u00e0 prefeitura, detinha percentuais muito baixos de inten\u00e7\u00e3o de votos e que seria necess\u00e1rio injetar dinheiro na campanha para viabiliz\u00e1-lo eleitoralmente.<\/p>\n\n\n\n<p>Cabral pediu para ser reinterrogado na 7\u00aa Vara Federal Criminal, a fim de trazer novos elementos aos autos, sobre a opera\u00e7\u00e3o Unfair Play, que investiga, entre outras coisas, irregularidades na campanha vitoriosa para o Brasil sediar os Jogos Ol\u00edmpicos de 2016.<\/p>\n\n\n\n<p>Na pr\u00f3xima quinta-feira (4), Cabral adiantou que falar\u00e1 especificamente sobre o processo, sobre o qual recaem suspeitas de favorecimentos a comit\u00eas ol\u00edmpicos para votarem no Rio como sede.<\/p>\n\n\n\n<p>Procurado para se pronunciar sobre as declara\u00e7\u00f5es de Cabral, o ex-prefeito do Rio respondeu em nota, dizendo que todas as doa\u00e7\u00f5es feitas para as campanhas dele sempre foram realizadas de forma volunt\u00e1ria e espont\u00e2nea. \u201cAs doa\u00e7\u00f5es foram declaradas e devidamente aprovadas pela Justi\u00e7a Eleitoral. Ali\u00e1s, o pr\u00f3prio Sr. S\u00e9rgio Cabral j\u00e1 admitiu, perante o juiz Marcelo Bretas, que Eduardo Paes n\u00e3o fazia parte da sua organiza\u00e7\u00e3o\u201d.<\/p>\n","protected":false},"excerpt":{"rendered":"<p>O ex-governador do Rio de Janeiro S\u00e9rgio Cabral disse, durante depoimento na 7\u00aa Vara Federal Criminal, que o empres\u00e1rio Arthur Soares, conhecido como Rei Arthur,&hellip; <\/p>\n","protected":false},"author":1,"featured_media":7560,"comment_status":"closed","ping_status":"closed","sticky":false,"template":"","format":"standard","meta":{"sfsi_plus_gutenberg_text_before_share":"","sfsi_plus_gutenberg_show_text_before_share":"","sfsi_plus_gutenberg_icon_type":"","sfsi_plus_gutenberg_icon_alignemt":"","sfsi_plus_gutenburg_max_per_row":"","footnotes":""},"categories":[2],"tags":[],"class_list":["post-103060","post","type-post","status-publish","format-standard","has-post-thumbnail","hentry","category-geral"],"_links":{"self":[{"href":"https:\/\/www.caririemacao.com\/1\/wp-json\/wp\/v2\/posts\/103060","targetHints":{"allow":["GET"]}}],"collection":[{"href":"https:\/\/www.caririemacao.com\/1\/wp-json\/wp\/v2\/posts"}],"about":[{"href":"https:\/\/www.caririemacao.com\/1\/wp-json\/wp\/v2\/types\/post"}],"author":[{"embeddable":true,"href":"https:\/\/www.caririemacao.com\/1\/wp-json\/wp\/v2\/users\/1"}],"replies":[{"embeddable":true,"href":"https:\/\/www.caririemacao.com\/1\/wp-json\/wp\/v2\/comments?post=103060"}],"version-history":[{"count":1,"href":"https:\/\/www.caririemacao.com\/1\/wp-json\/wp\/v2\/posts\/103060\/revisions"}],"predecessor-version":[{"id":103061,"href":"https:\/\/www.caririemacao.com\/1\/wp-json\/wp\/v2\/posts\/103060\/revisions\/103061"}],"wp:featuredmedia":[{"embeddable":true,"href":"https:\/\/www.caririemacao.com\/1\/wp-json\/wp\/v2\/media\/7560"}],"wp:attachment":[{"href":"https:\/\/www.caririemacao.com\/1\/wp-json\/wp\/v2\/media?parent=103060"}],"wp:term":[{"taxonomy":"category","embeddable":true,"href":"https:\/\/www.caririemacao.com\/1\/wp-json\/wp\/v2\/categories?post=103060"},{"taxonomy":"post_tag","embeddable":true,"href":"https:\/\/www.caririemacao.com\/1\/wp-json\/wp\/v2\/tags?post=103060"}],"curies":[{"name":"wp","href":"https:\/\/api.w.org\/{rel}","templated":true}]}}