{"id":103064,"date":"2019-07-02T11:31:30","date_gmt":"2019-07-02T14:31:30","guid":{"rendered":"http:\/\/www.caririemacao.com\/1\/?p=103064"},"modified":"2019-07-02T11:31:30","modified_gmt":"2019-07-02T14:31:30","slug":"programa-empreender-paraiba-abre-inscricoes-para-16-municipios-nesta-terca","status":"publish","type":"post","link":"https:\/\/www.caririemacao.com\/1\/2019\/07\/02\/programa-empreender-paraiba-abre-inscricoes-para-16-municipios-nesta-terca\/","title":{"rendered":"Programa Empreender Para\u00edba abre inscri\u00e7\u00f5es para 16 munic\u00edpios nesta ter\u00e7a"},"content":{"rendered":"\n<p>O&nbsp;Programa Empreender Para\u00edba abre, nesta ter\u00e7a-feira (2), a partir das 14h, as inscri\u00e7\u00f5es para concess\u00e3o de cr\u00e9dito destinadas os munic\u00edpios da 8\u00aa, 9\u00aa, 10\u00aa, 11\u00aa e 13\u00aa regi\u00f5es do Estado. S\u00e3o eles: Brejo dos Santos, Jeric\u00f3, S\u00e3o Bento, Bonito de Santa F\u00e9, Cajazeiras, Monte Horebe, Po\u00e7o de Jos\u00e9 de Moura, S\u00e3o Jo\u00e3o do Rio do Peixe, Triunfo, Uira\u00fana, Aparecida, Lagoa, S\u00e3o Domingos, Sousa, Princesa Isabel e Juru.<\/p>\n\n\n\n<p>Ser\u00e3o disponibilizadas 30 vagas para cada cidade. Elas s\u00e3o destinadas aos empreendedores que desejam iniciar o seu pr\u00f3prio neg\u00f3cio ou a amplia\u00e7\u00e3o de um j\u00e1 existente.&nbsp;<\/p>\n\n\n\n<p>As inscri\u00e7\u00f5es ser\u00e3o feitas no&nbsp;<a href=\"http:\/\/www.empreender.pb.gov.br\/\">site do Empreender<\/a>&nbsp;e podem ser realizadas por pessoas f\u00edsicas maiores de 18 anos, legalmente emancipadas e que residam na Para\u00edba h\u00e1 pelo menos seis meses.&nbsp;<\/p>\n\n\n\n<p>Os empreendedores que forem realizar o cadastro devem estar atentos \u00e0 documenta\u00e7\u00e3o exigida pelo Empreender no ato da inscri\u00e7\u00e3o em formato de PDF: RG, CPF, comprovante de resid\u00eancia e conta banc\u00e1ria (conta corrente: todos os bancos; conta poupan\u00e7a: apenas Caixa Econ\u00f4mica, opera\u00e7\u00e3o 013.)&nbsp; Caso o participante possua de 18 a 29 anos, \u00e9 necess\u00e1rio o documento frente e verso comprobat\u00f3rio de escolaridade. Se o empreendedor possuir curso t\u00e9cnico\/superior e deseja investir na sua profiss\u00e3o, \u00e9 obrigat\u00f3rio apresentar o certificado de conclus\u00e3o do curso.<\/p>\n","protected":false},"excerpt":{"rendered":"<p>O&nbsp;Programa Empreender Para\u00edba abre, nesta ter\u00e7a-feira (2), a partir das 14h, as inscri\u00e7\u00f5es para concess\u00e3o de cr\u00e9dito destinadas os munic\u00edpios da 8\u00aa, 9\u00aa, 10\u00aa, 11\u00aa&hellip; <\/p>\n","protected":false},"author":1,"featured_media":103065,"comment_status":"closed","ping_status":"closed","sticky":false,"template":"","format":"standard","meta":{"sfsi_plus_gutenberg_text_before_share":"","sfsi_plus_gutenberg_show_text_before_share":"","sfsi_plus_gutenberg_icon_type":"","sfsi_plus_gutenberg_icon_alignemt":"","sfsi_plus_gutenburg_max_per_row":"","footnotes":""},"categories":[2],"tags":[],"class_list":["post-103064","post","type-post","status-publish","format-standard","has-post-thumbnail","hentry","category-geral"],"_links":{"self":[{"href":"https:\/\/www.caririemacao.com\/1\/wp-json\/wp\/v2\/posts\/103064","targetHints":{"allow":["GET"]}}],"collection":[{"href":"https:\/\/www.caririemacao.com\/1\/wp-json\/wp\/v2\/posts"}],"about":[{"href":"https:\/\/www.caririemacao.com\/1\/wp-json\/wp\/v2\/types\/post"}],"author":[{"embeddable":true,"href":"https:\/\/www.caririemacao.com\/1\/wp-json\/wp\/v2\/users\/1"}],"replies":[{"embeddable":true,"href":"https:\/\/www.caririemacao.com\/1\/wp-json\/wp\/v2\/comments?post=103064"}],"version-history":[{"count":1,"href":"https:\/\/www.caririemacao.com\/1\/wp-json\/wp\/v2\/posts\/103064\/revisions"}],"predecessor-version":[{"id":103066,"href":"https:\/\/www.caririemacao.com\/1\/wp-json\/wp\/v2\/posts\/103064\/revisions\/103066"}],"wp:featuredmedia":[{"embeddable":true,"href":"https:\/\/www.caririemacao.com\/1\/wp-json\/wp\/v2\/media\/103065"}],"wp:attachment":[{"href":"https:\/\/www.caririemacao.com\/1\/wp-json\/wp\/v2\/media?parent=103064"}],"wp:term":[{"taxonomy":"category","embeddable":true,"href":"https:\/\/www.caririemacao.com\/1\/wp-json\/wp\/v2\/categories?post=103064"},{"taxonomy":"post_tag","embeddable":true,"href":"https:\/\/www.caririemacao.com\/1\/wp-json\/wp\/v2\/tags?post=103064"}],"curies":[{"name":"wp","href":"https:\/\/api.w.org\/{rel}","templated":true}]}}