{"id":103070,"date":"2019-07-02T11:35:32","date_gmt":"2019-07-02T14:35:32","guid":{"rendered":"http:\/\/www.caririemacao.com\/1\/?p=103070"},"modified":"2019-07-02T11:35:32","modified_gmt":"2019-07-02T14:35:32","slug":"eclipse-solar-podera-ser-observado-na-america-do-sul-nesta-terca","status":"publish","type":"post","link":"https:\/\/www.caririemacao.com\/1\/2019\/07\/02\/eclipse-solar-podera-ser-observado-na-america-do-sul-nesta-terca\/","title":{"rendered":"Eclipse solar poder\u00e1 ser observado na Am\u00e9rica do Sul nesta ter\u00e7a"},"content":{"rendered":"\n<p>Parte da Am\u00e9rica do Sul e do Oceano Pac\u00edfico poder\u00e1 observar, a partir das 16h48 desta ter\u00e7a-feira (2), um eclipse total do Sol. O fen\u00f4meno ocorre quando a Lua fica entre a Terra e o Sol, ocultando total ou parcialmente a luz solar em uma faixa terrestre. As informa\u00e7\u00f5es s\u00e3o da Ag\u00eancia Brasil.<\/p>\n\n\n\n<p>Uma peculiaridade tornar\u00e1 o evento ainda mais interessante e raro neste ano. A sombra projetada na Terra passar\u00e1 pelo observat\u00f3rio La Silla, no Chile -um dos mais importantes do mundo, localizado a uma altitude de 2,5 mil metros, livre da polui\u00e7\u00e3o visual produzida pelas luzes das cidades. A expectativa \u00e9 que as imagens a serem produzidas da coroa solar ajudem a avan\u00e7ar os estudos sobre a atmosfera, ventos solares e for\u00e7as gravitacionais, entre outros.<\/p>\n\n\n\n<p>\u00c9 a terceira vez em 50 anos que um eclipse passa por espa\u00e7os com grades telesc\u00f3pios. Em 1961, ele passou pelo L&#8217;Observatoire de Haute-Provence, na Fran\u00e7a; e, em 1991, em Mauna Kea, no Hava\u00ed.<\/p>\n\n\n\n<p>&#8220;A observa\u00e7\u00e3o e o registro de eclipses solares ainda hoje s\u00e3o importantes para o estudo da coroa solar, cujas caracter\u00edsticas n\u00e3o s\u00e3o totalmente compreendidas e o comportamento \u00e9 importante para prever o clima espacial. A eje\u00e7\u00e3o de massa coronal em dire\u00e7\u00e3o \u00e0 Terra \u00e9 um fen\u00f4meno que pode danificar nossas redes el\u00e9tricas, telecomunica\u00e7\u00f5es e sat\u00e9lites&#8221;, explicou, por meio de nota, o pesquisador Eug\u00eanio Reis, do Observat\u00f3rio Nacional Eug\u00eanio Reis.<\/p>\n\n\n\n<p>&#8220;Apesar de a coroa solar brilhar milh\u00f5es de vezes menos do que a fotosfera solar, um eclipse total do Sol \u00e9 uma \u00f3tima oportunidade para estud\u00e1-la&#8221;, disse.<\/p>\n\n\n\n<p>No Brasil, o fen\u00f4meno poder\u00e1 ser visto em alguns estados, mas apenas de forma parcial. O Observat\u00f3rio Nacional informa que os lugares com melhor visualiza\u00e7\u00e3o ser\u00e3o Porto Alegre, onde o sol ter\u00e1 75% de sua \u00e1rea sombreada pela lua, a partir das 16h48; Florian\u00f3polis (60%, com in\u00edcio \u00e0s 16h53), Curitiba (55%, com o eclips iniciando \u00e0s 16h55), Campo Grande (46% &#8211; in\u00edcio \u00e0s 16h56), S\u00e3o Paulo (46% &#8211; in\u00edcio \u00e0s 17h), Rio de Janeiro (40% &#8211; in\u00edcio \u00e0s 17h03).<\/p>\n\n\n\n<p>O pr\u00f3ximo eclipse total do Sol s\u00f3 poder\u00e1 ser visto em 12 de agosto de 2045 no Nordeste brasileiro.<\/p>\n","protected":false},"excerpt":{"rendered":"<p>Parte da Am\u00e9rica do Sul e do Oceano Pac\u00edfico poder\u00e1 observar, a partir das 16h48 desta ter\u00e7a-feira (2), um eclipse total do Sol. O fen\u00f4meno&hellip; <\/p>\n","protected":false},"author":1,"featured_media":103071,"comment_status":"closed","ping_status":"closed","sticky":false,"template":"","format":"standard","meta":{"sfsi_plus_gutenberg_text_before_share":"","sfsi_plus_gutenberg_show_text_before_share":"","sfsi_plus_gutenberg_icon_type":"","sfsi_plus_gutenberg_icon_alignemt":"","sfsi_plus_gutenburg_max_per_row":"","footnotes":""},"categories":[6,50],"tags":[],"class_list":["post-103070","post","type-post","status-publish","format-standard","has-post-thumbnail","hentry","category-cidades","category-destaque"],"_links":{"self":[{"href":"https:\/\/www.caririemacao.com\/1\/wp-json\/wp\/v2\/posts\/103070","targetHints":{"allow":["GET"]}}],"collection":[{"href":"https:\/\/www.caririemacao.com\/1\/wp-json\/wp\/v2\/posts"}],"about":[{"href":"https:\/\/www.caririemacao.com\/1\/wp-json\/wp\/v2\/types\/post"}],"author":[{"embeddable":true,"href":"https:\/\/www.caririemacao.com\/1\/wp-json\/wp\/v2\/users\/1"}],"replies":[{"embeddable":true,"href":"https:\/\/www.caririemacao.com\/1\/wp-json\/wp\/v2\/comments?post=103070"}],"version-history":[{"count":1,"href":"https:\/\/www.caririemacao.com\/1\/wp-json\/wp\/v2\/posts\/103070\/revisions"}],"predecessor-version":[{"id":103072,"href":"https:\/\/www.caririemacao.com\/1\/wp-json\/wp\/v2\/posts\/103070\/revisions\/103072"}],"wp:featuredmedia":[{"embeddable":true,"href":"https:\/\/www.caririemacao.com\/1\/wp-json\/wp\/v2\/media\/103071"}],"wp:attachment":[{"href":"https:\/\/www.caririemacao.com\/1\/wp-json\/wp\/v2\/media?parent=103070"}],"wp:term":[{"taxonomy":"category","embeddable":true,"href":"https:\/\/www.caririemacao.com\/1\/wp-json\/wp\/v2\/categories?post=103070"},{"taxonomy":"post_tag","embeddable":true,"href":"https:\/\/www.caririemacao.com\/1\/wp-json\/wp\/v2\/tags?post=103070"}],"curies":[{"name":"wp","href":"https:\/\/api.w.org\/{rel}","templated":true}]}}