{"id":103078,"date":"2019-07-02T11:40:24","date_gmt":"2019-07-02T14:40:24","guid":{"rendered":"http:\/\/www.caririemacao.com\/1\/?p=103078"},"modified":"2019-07-02T11:40:24","modified_gmt":"2019-07-02T14:40:24","slug":"casos-de-dengue-aumentam-14-na-pb","status":"publish","type":"post","link":"https:\/\/www.caririemacao.com\/1\/2019\/07\/02\/casos-de-dengue-aumentam-14-na-pb\/","title":{"rendered":"Casos de dengue aumentam 14% na PB"},"content":{"rendered":"\n<p>A Secretaria de Estado da Sa\u00fade (SES), por meio da Ger\u00eancia Executiva de Vigil\u00e2ncia em Sa\u00fade (Gevs), divulgou, nesta ter\u00e7a-feira (2), o&nbsp;boletim&nbsp;com as notifica\u00e7\u00f5es da dengue, zika e chikungunya, com os dados referentes \u00e0 24\u00aa Semana Epidemiol\u00f3gica (SE). Os dados apontam aumento nos casos de dengue e chikungunya e redu\u00e7\u00e3o nos registros de zika.<\/p>\n\n\n\n<p>De acordo com o boletim, at\u00e9 o momento, foram registrados 8.306 casos prov\u00e1veis de dengue. Em rela\u00e7\u00e3o ao mesmo per\u00edodo de 2018, em que foram registrados 7.280 casos prov\u00e1veis, observa-se um aumento de 14,09%. Quanto \u00e0 chikungunya foram notificados 655 casos prov\u00e1veis, o que corresponde a um aumento de 16,13% em rela\u00e7\u00e3o ao mesmo per\u00edodo do ano passado, quando foram registrados 564 casos prov\u00e1veis. Para a doen\u00e7a aguda pelo v\u00edrus zika, at\u00e9 agora, foram notificados 190 casos, caracterizando uma redu\u00e7\u00e3o de 4,04% em rela\u00e7\u00e3o ao mesmo per\u00edodo de 2018, que notificou 198 casos prov\u00e1veis.<\/p>\n\n\n\n<p>Entre os munic\u00edpios da Para\u00edba com incid\u00eancia das tr\u00eas arboviroses est\u00e3o: Teixeira, Matur\u00e9ia, Areia, Lucena, S\u00e3o Sebasti\u00e3o do Umbuzeiro, Princesa Isabel, Alagoa Nova, Esperan\u00e7a, Cacimba de Dentro, Conde, Sert\u00e3ozinho, Bara\u00fana, Caapor\u00e3, Araruna, Casserengue, Lagoa de Dentro, Tapero\u00e1, S\u00e3o Jos\u00e9 de Princesa e Juripiranga. Para estes munic\u00edpios a SES orienta a intensifica\u00e7\u00e3o das a\u00e7\u00f5es de campo de combate ao Aedes e o refor\u00e7o das buscas ativas de casos suspeitos para detec\u00e7\u00e3o precoce dos casos, evitando-se o agravamento.<\/p>\n\n\n\n<p>A predomin\u00e2ncia de casos notificados de arboviroses est\u00e1 concentrada nas 11\u00aa, 3\u00aa, 1\u00aa e 5\u00aa Regi\u00f5es de Sa\u00fade. Nessas regi\u00f5es, os munic\u00edpios com maiores incid\u00eancias das doen\u00e7as s\u00e3o: Lucena, Conde, Caapor\u00e3, Bayeux, Santa Rita, Alhandra, Cruz do Esp\u00edrito Santo e Pitimbu (1\u00aa Regi\u00e3o) Areia, Esperan\u00e7a, Alagoa Nova, Montadas e S\u00e3o Sebasti\u00e3o de Lagoa de Ro\u00e7a na (3\u00aa Regi\u00e3o), S\u00e3o Sebasti\u00e3o do Umbuzeiro, Zabel\u00ea, Prata, Livramento, S\u00e3o Jo\u00e3o do Cariri, Monteiro, Gurj\u00e3o, S\u00e3o Jo\u00e3o do Tigre, Sum\u00e9 e Serra Branca (5\u00aa Regi\u00e3o), Princesa Isabel, S\u00e3o Jos\u00e9 de Princesa, Juru, \u00c1gua Branca, Tavares e Mana\u00edra (11\u00aa Regi\u00e3o).<\/p>\n\n\n\n<p>A SES observa que, dos 223 munic\u00edpios, 42 (18,8%) est\u00e3o sem sinalizar no sistema de informa\u00e7\u00e3o, ou seja, n\u00e3o existe nenhuma notifica\u00e7\u00e3o de caso suspeito para as arboviroses. No entanto, munic\u00edpios de&nbsp;grande&nbsp;porte populacional como&nbsp;Campina&nbsp;Grande&nbsp;(85 notifica\u00e7\u00f5es), Sousa (51 notifica\u00e7\u00f5es), Cabedelo (48 notifica\u00e7\u00f5es), Patos (36 notifica\u00e7\u00f5es), Guarabira (15 notifica\u00e7\u00f5es), Queimadas (7 notifica\u00e7\u00f5es), Pombal (5 notifica\u00e7\u00f5es) e Sap\u00e9 (5 notifica\u00e7\u00f5es) demonstram poucas notifica\u00e7\u00f5es de casos prov\u00e1veis de arboviroses no ano de 2019.<\/p>\n\n\n\n<p>\u201cOrientamos aos profissionais dos 223 munic\u00edpios da Para\u00edba a realizarem as notifica\u00e7\u00f5es de todo caso suspeito para as arboviroses, tendo em vista que a notifica\u00e7\u00e3o \u00e9 um meio de sinalizar a ocorr\u00eancia ou n\u00e3o de um agravo naquele territ\u00f3rio. Dessa forma, oportunizam-se as medidas de controle vetorial, bem como se faz necess\u00e1rio refor\u00e7ar a busca ativa de casos suspeitos para detec\u00e7\u00e3o precoce para evitar o agravamento dos mesmos\u201d, informou a gerente executiva de Vigil\u00e2ncia em Sa\u00fade da SES,&nbsp;Talita&nbsp;Tavares, que pontuou, ainda, que o pico de casos foi nos meses de abril e maio, seguido de redu\u00e7\u00e3o em junho, tendo em vista que, historicamente, o maior volume de notifica\u00e7\u00f5es se concentra no primeiro semestre do ano. \u201cAs a\u00e7\u00f5es j\u00e1 planejadas em cada munic\u00edpio devem ser mantidas no segundo semestre, pois recentemente muitos munic\u00edpios tiveram chuvas em&nbsp;grande&nbsp;volume, o que proporciona ac\u00famulo de \u00e1gua que poder\u00e1 formar um poss\u00edvel foco\u201d, orientou.<\/p>\n\n\n\n<p><strong>\u00d3bitos<\/strong>&nbsp;\u2013 At\u00e9 a 24\u00aa Semana Epidemiol\u00f3gica foram registrados 30 \u00f3bitos por arboviroses, dois confirmados para dengue (Araruna e Jo\u00e3o Pessoa) e um confirmado para Zika (Jo\u00e3o Pessoa). At\u00e9 o momento, 11 foram descartados (Alagoa Nova (1), Areia (1), Cacimba de Areia (1),&nbsp;Campina&nbsp;Grande&nbsp;(4), Sousa (1), Serra Redonda (1), Soledade (1), e Umbuzeiro (1)) e os outros 16 \u00f3bitos continuam em investiga\u00e7\u00e3o (Bayeux (1), Cabedelo (1), Jo\u00e3o Pessoa (4), Conde (1),&nbsp;Campina&nbsp;Grande&nbsp;(1), Pitimbu (1), Fagundes (2), Junco do Serid\u00f3 (1), Sum\u00e9 (1), Santa Rita (1), Congo (1) e Sol\u00e2nea (1)).<\/p>\n\n\n\n<p>Dos \u00f3bitos que est\u00e3o em investiga\u00e7\u00e3o (16 \u00f3bitos), quatro foram notificados pelo Servi\u00e7o de Verifica\u00e7\u00e3o de \u00d3bito (SVO), que remete a exames mais espec\u00edficos junto aos laborat\u00f3rios de refer\u00eancia e que requerem maior tempo para resultados. Dessa forma, \u00e9 oportuno lembrar a necessidade da solicita\u00e7\u00e3o de exames durante a suspeita cl\u00ednica durante atendimento m\u00e9dico para os agravos, evitando que tal situa\u00e7\u00e3o s\u00f3 possa ser evidenciada ap\u00f3s o \u00f3bito do usu\u00e1rio.<\/p>\n\n\n\n<p>\u201cOs \u00f3bitos suspeitos s\u00e3o de notifica\u00e7\u00e3o imediata, no per\u00edodo de 24 horas, a qual est\u00e1 presente na Portaria Consolidada N\u00ba04, de 28 de setembro de 2017. Toda suspeita deve ser investigada no \u00e2mbito domiciliar, ambulatorial e hospitalar utilizando o Protocolo de Investiga\u00e7\u00e3o de \u00d3bito por Arbov\u00edrus Urbano no Brasil emitido pelo Minist\u00e9rio da Sa\u00fade\u201d, refor\u00e7ou Talita Tavares.<\/p>\n\n\n\n<p><strong>Monitoramento das gestantes<\/strong>&nbsp;\u2013 Em 2019, at\u00e9 a 24\u00aa SE, 19 gestantes foram notificadas com suspeita de v\u00edrus Zika. \u00c9 importante ressaltar a\u00e7\u00f5es de vigil\u00e2ncia em gestantes que preencham os seguintes crit\u00e9rios: toda gestante que apresentar exantema m\u00e1culopapular pruriginoso (\u00e1reas vermelhas na pele), acompanhado de pelo menos dois dos seguintes sinais e ou sintomas: febre e\/ou hiperemia conjuntival (ardor, comich\u00e3o e press\u00e3o intraocular) sem secre\u00e7\u00e3o e prurido e\/ou poliartralgia e\/ou edema periarticular dever\u00e1 ser notificada no Sistema de Informa\u00e7\u00e3o (RESP + SINAN) e informada a suspeita de zika imediatamente (em at\u00e9 24 horas) para a Secretaria Municipal de Sa\u00fade e a SES, para que as a\u00e7\u00f5es preconizadas pelo Minist\u00e9rio da Sa\u00fade sejam realizadas em tempo oportuno.<\/p>\n\n\n\n<p><strong>A\u00e7\u00f5es programadas<\/strong>&nbsp;\u2013 Para o m\u00eas de julho, inicialmente est\u00e3o previstos bloqueios de transmiss\u00e3o nos munic\u00edpios de Olho D\u2019agua, Mamanguape, Lucena, Junco do Serid\u00f3, Fagundes e Cabedelo, conforme informa\u00e7\u00f5es epidemiol\u00f3gicas e entomol\u00f3gicas, de acordo com a Nota T\u00e9cnica N\u00ba 01 de 2018, que estabelece crit\u00e9rios para aplica\u00e7\u00e3o de UBV Pesado (Carro Fumac\u00ea) como o alto \u00edndice de infesta\u00e7\u00e3o obtido no LIRA e\/ou alta incid\u00eancia de casos notificados e\/ou ocorr\u00eancia de \u00f3bitos pelo agravo.<\/p>\n\n\n\n<p><strong>MaisPB<\/strong><\/p>\n","protected":false},"excerpt":{"rendered":"<p>A Secretaria de Estado da Sa\u00fade (SES), por meio da Ger\u00eancia Executiva de Vigil\u00e2ncia em Sa\u00fade (Gevs), divulgou, nesta ter\u00e7a-feira (2), o&nbsp;boletim&nbsp;com as notifica\u00e7\u00f5es da&hellip; <\/p>\n","protected":false},"author":1,"featured_media":103079,"comment_status":"closed","ping_status":"closed","sticky":false,"template":"","format":"standard","meta":{"sfsi_plus_gutenberg_text_before_share":"","sfsi_plus_gutenberg_show_text_before_share":"","sfsi_plus_gutenberg_icon_type":"","sfsi_plus_gutenberg_icon_alignemt":"","sfsi_plus_gutenburg_max_per_row":"","footnotes":""},"categories":[50,16],"tags":[],"class_list":["post-103078","post","type-post","status-publish","format-standard","has-post-thumbnail","hentry","category-destaque","category-saude"],"_links":{"self":[{"href":"https:\/\/www.caririemacao.com\/1\/wp-json\/wp\/v2\/posts\/103078","targetHints":{"allow":["GET"]}}],"collection":[{"href":"https:\/\/www.caririemacao.com\/1\/wp-json\/wp\/v2\/posts"}],"about":[{"href":"https:\/\/www.caririemacao.com\/1\/wp-json\/wp\/v2\/types\/post"}],"author":[{"embeddable":true,"href":"https:\/\/www.caririemacao.com\/1\/wp-json\/wp\/v2\/users\/1"}],"replies":[{"embeddable":true,"href":"https:\/\/www.caririemacao.com\/1\/wp-json\/wp\/v2\/comments?post=103078"}],"version-history":[{"count":1,"href":"https:\/\/www.caririemacao.com\/1\/wp-json\/wp\/v2\/posts\/103078\/revisions"}],"predecessor-version":[{"id":103080,"href":"https:\/\/www.caririemacao.com\/1\/wp-json\/wp\/v2\/posts\/103078\/revisions\/103080"}],"wp:featuredmedia":[{"embeddable":true,"href":"https:\/\/www.caririemacao.com\/1\/wp-json\/wp\/v2\/media\/103079"}],"wp:attachment":[{"href":"https:\/\/www.caririemacao.com\/1\/wp-json\/wp\/v2\/media?parent=103078"}],"wp:term":[{"taxonomy":"category","embeddable":true,"href":"https:\/\/www.caririemacao.com\/1\/wp-json\/wp\/v2\/categories?post=103078"},{"taxonomy":"post_tag","embeddable":true,"href":"https:\/\/www.caririemacao.com\/1\/wp-json\/wp\/v2\/tags?post=103078"}],"curies":[{"name":"wp","href":"https:\/\/api.w.org\/{rel}","templated":true}]}}