{"id":103086,"date":"2019-07-02T11:50:06","date_gmt":"2019-07-02T14:50:06","guid":{"rendered":"http:\/\/www.caririemacao.com\/1\/?p=103086"},"modified":"2019-07-02T11:50:06","modified_gmt":"2019-07-02T14:50:06","slug":"oito-envolvidos-na-morte-de-pm-sao-mortos-durante-operacao-na-regiao-do-cariri","status":"publish","type":"post","link":"https:\/\/www.caririemacao.com\/1\/2019\/07\/02\/oito-envolvidos-na-morte-de-pm-sao-mortos-durante-operacao-na-regiao-do-cariri\/","title":{"rendered":"Oito envolvidos na morte de PM s\u00e3o mortos durante opera\u00e7\u00e3o na regi\u00e3o do Cariri"},"content":{"rendered":"\n<p>Oito criminosos envolvidos na morte de um policial militar em Santa Cruz do Capibaribe, no Agreste de Pernambuco, foram mortos durante confronto com a Pol\u00edcia Militar entre Barra de S\u00e3o Miguel e Riacho da Concei\u00e7\u00e3o, Cariri da Para\u00edba, na manh\u00e3 desta ter\u00e7a-feira (2).<br>De acordo com a pol\u00edcia, os mortos s\u00e3o seis homens e duas mulheres. Entre os homens h\u00e1 um vereador do munic\u00edpio de Bet\u00e2nia, no Sert\u00e3o. Os corpos foram levados para a Unidade de Pronto Atendimento (UPA) de Santa Cruz do Capibaribe.<br>Quatro pessoas participaram da investida contra o mercado e o policial. Os outros envolvidos teriam participado do resgate do grupo criminoso.<br>A opera\u00e7\u00e3o foi integrada e contou com a participa\u00e7\u00e3o da Pol\u00edcia Militar de Pernambuco e da Para\u00edba. Dois helic\u00f3pteros do Grupo T\u00e1tico A\u00e9reo (GTA) deram apoio \u00e0 a\u00e7\u00e3o.&nbsp;&nbsp;<\/p>\n","protected":false},"excerpt":{"rendered":"<p>Oito criminosos envolvidos na morte de um policial militar em Santa Cruz do Capibaribe, no Agreste de Pernambuco, foram mortos durante confronto com a Pol\u00edcia&hellip; <\/p>\n","protected":false},"author":1,"featured_media":103087,"comment_status":"closed","ping_status":"closed","sticky":false,"template":"","format":"standard","meta":{"sfsi_plus_gutenberg_text_before_share":"","sfsi_plus_gutenberg_show_text_before_share":"","sfsi_plus_gutenberg_icon_type":"","sfsi_plus_gutenberg_icon_alignemt":"","sfsi_plus_gutenburg_max_per_row":"","footnotes":""},"categories":[50,12],"tags":[],"class_list":["post-103086","post","type-post","status-publish","format-standard","has-post-thumbnail","hentry","category-destaque","category-policia"],"_links":{"self":[{"href":"https:\/\/www.caririemacao.com\/1\/wp-json\/wp\/v2\/posts\/103086","targetHints":{"allow":["GET"]}}],"collection":[{"href":"https:\/\/www.caririemacao.com\/1\/wp-json\/wp\/v2\/posts"}],"about":[{"href":"https:\/\/www.caririemacao.com\/1\/wp-json\/wp\/v2\/types\/post"}],"author":[{"embeddable":true,"href":"https:\/\/www.caririemacao.com\/1\/wp-json\/wp\/v2\/users\/1"}],"replies":[{"embeddable":true,"href":"https:\/\/www.caririemacao.com\/1\/wp-json\/wp\/v2\/comments?post=103086"}],"version-history":[{"count":1,"href":"https:\/\/www.caririemacao.com\/1\/wp-json\/wp\/v2\/posts\/103086\/revisions"}],"predecessor-version":[{"id":103088,"href":"https:\/\/www.caririemacao.com\/1\/wp-json\/wp\/v2\/posts\/103086\/revisions\/103088"}],"wp:featuredmedia":[{"embeddable":true,"href":"https:\/\/www.caririemacao.com\/1\/wp-json\/wp\/v2\/media\/103087"}],"wp:attachment":[{"href":"https:\/\/www.caririemacao.com\/1\/wp-json\/wp\/v2\/media?parent=103086"}],"wp:term":[{"taxonomy":"category","embeddable":true,"href":"https:\/\/www.caririemacao.com\/1\/wp-json\/wp\/v2\/categories?post=103086"},{"taxonomy":"post_tag","embeddable":true,"href":"https:\/\/www.caririemacao.com\/1\/wp-json\/wp\/v2\/tags?post=103086"}],"curies":[{"name":"wp","href":"https:\/\/api.w.org\/{rel}","templated":true}]}}