{"id":103105,"date":"2019-07-02T12:57:57","date_gmt":"2019-07-02T15:57:57","guid":{"rendered":"http:\/\/www.caririemacao.com\/1\/?p=103105"},"modified":"2019-07-02T12:57:57","modified_gmt":"2019-07-02T15:57:57","slug":"mulher-morta-em-operacao-policial-trabalhava-em-supermercado-que-foi-assaltado","status":"publish","type":"post","link":"https:\/\/www.caririemacao.com\/1\/2019\/07\/02\/mulher-morta-em-operacao-policial-trabalhava-em-supermercado-que-foi-assaltado\/","title":{"rendered":"Mulher morta em opera\u00e7\u00e3o pol\u00edcial trabalhava em supermercado que foi assaltado"},"content":{"rendered":"\n<p>A Pol\u00edcia Militar informou que Reniene Alves de Souza (idade n\u00e3o informada), atuava em um supermercado que foi assaltado em Santa Cruz do Capibaribe na \u00faltima segunda-feira (01). A mulher est\u00e1 entre os criminosos que foram mortos em confronto com policiais nesta ter\u00e7a-feira (02), em Barra de S\u00e3o Miguel (PB).<br>De acordo com detalhamento, Reniere trabalhava em um estabelecimento que foi assaltado antes do supermercado do bairro Dona Lica. A pol\u00edcia informou que o grupo roubou dois pontos comerciais na cidade antes de fugir com destino ao munic\u00edpio de Barra de S\u00e3o Miguel.<br>N\u00e3o foi informado se Reniene trabalhou na segunda-feira, mas ela e outros foram mortos juntos na cidade paraibana.&nbsp;<br><strong>COM BLOG DO BRUNO MUNIZ<\/strong><\/p>\n","protected":false},"excerpt":{"rendered":"<p>A Pol\u00edcia Militar informou que Reniene Alves de Souza (idade n\u00e3o informada), atuava em um supermercado que foi assaltado em Santa Cruz do Capibaribe na&hellip; <\/p>\n","protected":false},"author":1,"featured_media":103106,"comment_status":"closed","ping_status":"closed","sticky":false,"template":"","format":"standard","meta":{"sfsi_plus_gutenberg_text_before_share":"","sfsi_plus_gutenberg_show_text_before_share":"","sfsi_plus_gutenberg_icon_type":"","sfsi_plus_gutenberg_icon_alignemt":"","sfsi_plus_gutenburg_max_per_row":"","footnotes":""},"categories":[12],"tags":[],"class_list":["post-103105","post","type-post","status-publish","format-standard","has-post-thumbnail","hentry","category-policia"],"_links":{"self":[{"href":"https:\/\/www.caririemacao.com\/1\/wp-json\/wp\/v2\/posts\/103105","targetHints":{"allow":["GET"]}}],"collection":[{"href":"https:\/\/www.caririemacao.com\/1\/wp-json\/wp\/v2\/posts"}],"about":[{"href":"https:\/\/www.caririemacao.com\/1\/wp-json\/wp\/v2\/types\/post"}],"author":[{"embeddable":true,"href":"https:\/\/www.caririemacao.com\/1\/wp-json\/wp\/v2\/users\/1"}],"replies":[{"embeddable":true,"href":"https:\/\/www.caririemacao.com\/1\/wp-json\/wp\/v2\/comments?post=103105"}],"version-history":[{"count":1,"href":"https:\/\/www.caririemacao.com\/1\/wp-json\/wp\/v2\/posts\/103105\/revisions"}],"predecessor-version":[{"id":103107,"href":"https:\/\/www.caririemacao.com\/1\/wp-json\/wp\/v2\/posts\/103105\/revisions\/103107"}],"wp:featuredmedia":[{"embeddable":true,"href":"https:\/\/www.caririemacao.com\/1\/wp-json\/wp\/v2\/media\/103106"}],"wp:attachment":[{"href":"https:\/\/www.caririemacao.com\/1\/wp-json\/wp\/v2\/media?parent=103105"}],"wp:term":[{"taxonomy":"category","embeddable":true,"href":"https:\/\/www.caririemacao.com\/1\/wp-json\/wp\/v2\/categories?post=103105"},{"taxonomy":"post_tag","embeddable":true,"href":"https:\/\/www.caririemacao.com\/1\/wp-json\/wp\/v2\/tags?post=103105"}],"curies":[{"name":"wp","href":"https:\/\/api.w.org\/{rel}","templated":true}]}}