{"id":103117,"date":"2019-07-02T14:54:42","date_gmt":"2019-07-02T17:54:42","guid":{"rendered":"http:\/\/www.caririemacao.com\/1\/?p=103117"},"modified":"2019-07-02T14:54:42","modified_gmt":"2019-07-02T17:54:42","slug":"nova-versao-da-reforma-da-previdencia-deve-ser-apresentada-as-16h-desta-terca","status":"publish","type":"post","link":"https:\/\/www.caririemacao.com\/1\/2019\/07\/02\/nova-versao-da-reforma-da-previdencia-deve-ser-apresentada-as-16h-desta-terca\/","title":{"rendered":"Nova vers\u00e3o da reforma da Previd\u00eancia deve ser apresentada \u00e0s 16h desta ter\u00e7a"},"content":{"rendered":"\n<p>O presidente da comiss\u00e3o especial da reforma da Previd\u00eancia na C\u00e2mara, Marcelo Ramos (PL-AM), convocou para esta ter\u00e7a-feira (2), \u00e0s 16h, a sess\u00e3o para que o relator da proposta, Samuel Moreira (PSDB-SP), apresente a nova vers\u00e3o do projeto de reestrutura\u00e7\u00e3o do sistema de aposentadorias dos trabalhadores da iniciativa privada e de servidores p\u00fablicos.<\/p>\n\n\n\n<p>No mesmo hor\u00e1rio, o ministro Sergio Moro (Justi\u00e7a) deve participar de audi\u00eancia conjunta de quatro comiss\u00f5es da C\u00e2mara sobre supostas mensagens trocadas com o coordenador da Opera\u00e7\u00e3o Lava-Jato, procurador Deltan Dallagnol.<\/p>\n\n\n\n<p>O primeiro relat\u00f3rio de Moreira foi divulgado no dia 13 de junho. Desde ent\u00e3o, ele j\u00e1 admitia que poderia fazer ajustes no texto.<\/p>\n\n\n\n<p>A tend\u00eancia \u00e9 que as novas mudan\u00e7as n\u00e3o representem uma grande desidrata\u00e7\u00e3o da reforma da Previd\u00eancia, apesar das press\u00f5es de diversas categorias por regras mais brandas.<\/p>\n\n\n\n<p>Na manh\u00e3 desta ter\u00e7a, o presidente da C\u00e2mara, Rodrigo Maia (DEM-RJ), ainda tenta um acordo entre governo, l\u00edderes da Casa e governadores do Nordeste para que a reforma tenha efeito tamb\u00e9m para estados e munic\u00edpios.<\/p>\n\n\n\n<p>Partidos independentes ao Pal\u00e1cio do Planalto querem que governadores do Nordeste garantam votos da oposi\u00e7\u00e3o em favor da reforma da Previd\u00eancia.<\/p>\n\n\n\n<p>Essa posi\u00e7\u00e3o foi refor\u00e7ada pelo l\u00edder da maioria da C\u00e2mara, Aguinaldo Ribeiro (PP-PB), ao entrar na reuni\u00e3o na resid\u00eancia oficial de Maia.<\/p>\n\n\n\n<p>Servidores estaduais e municipais foram poupados na primeira vers\u00e3o do relat\u00f3rio de Moreira diante da press\u00e3o de deputados que rejeitam o desgaste pol\u00edtico de votar medidas impopulares que beneficiariam o ajuste das contas p\u00fablicas de governadores e prefeitos que fazem campanha contra a reforma.<\/p>\n\n\n\n<p>Governadores do Nordeste querem, al\u00e9m da reestrutura\u00e7\u00e3o da Previd\u00eancia, medidas que aumentem a receita dos estados e a cria\u00e7\u00e3o de um fundo de compensa\u00e7\u00e3o com recursos a serem obtidos, por exemplo, com contratos no setor de petr\u00f3leo.<\/p>\n\n\n\n<p>Moreira aguarda a decis\u00e3o dessa reuni\u00e3o entre Maia e governadores para reincluir estados e munic\u00edpios na reforma ou deixa-los fora.<\/p>\n\n\n\n<p>Na nova vers\u00e3o da reforma, o relator deve poupar a B3, bolsa de valores de S\u00e3o Paulo, do aumento de al\u00edquota de CSLL (contribui\u00e7\u00e3o social sobre lucro l\u00edquido) para o setor financeiro.<\/p>\n\n\n\n<p>Al\u00e9m disso, deve fazer uma corre\u00e7\u00e3o no texto para que professoras possam se aposentar com o sal\u00e1rio integal aos 57 anos e ap\u00f3s 25 anos de contribui\u00e7\u00e3o.<\/p>\n\n\n\n<p>H\u00e1 press\u00e3o de partidos, como o PL, para que professores e professoras tenham regras ainda mais suaves de aposentadoria.<\/p>\n\n\n\n<p>Deputados do PSL continuam insistindo nesta ter\u00e7a por mudan\u00e7as que beneficiariam o setor de seguran\u00e7a p\u00fablica, como policiais federais.<\/p>\n\n\n\n<p>Outro ponto em discuss\u00e3o \u00e9 a aposentadoria de parlamentares, que n\u00e3o querem cumprir a idade m\u00ednima de 65 anos, se homem, e 62 anos, se mulher.<\/p>\n\n\n\n<p><strong>PRINCIPAIS PONTOS EM DISCUSS\u00c3O<\/strong><\/p>\n\n\n\n<p>&#8211; Estados e munic\u00edpios ficam dentro ou fora da reforma;<br>&#8211; PSL quer regras mais ben\u00e9ficas para servidores da \u00e1rea de seguran\u00e7a p\u00fablica;<br>&#8211; Pol\u00edticos querem al\u00edvio na pr\u00f3pria aposentadoria;<br>&#8211; Partidos querem poupar professores da reforma;<br>&#8211; F\u00f3rmula de c\u00e1lculo vai considerar 80% dos maiores sal\u00e1rios ou 100% das contribui\u00e7\u00f5es.<\/p>\n","protected":false},"excerpt":{"rendered":"<p>O presidente da comiss\u00e3o especial da reforma da Previd\u00eancia na C\u00e2mara, Marcelo Ramos (PL-AM), convocou para esta ter\u00e7a-feira (2), \u00e0s 16h, a sess\u00e3o para que&hellip; <\/p>\n","protected":false},"author":1,"featured_media":103118,"comment_status":"closed","ping_status":"closed","sticky":false,"template":"","format":"standard","meta":{"sfsi_plus_gutenberg_text_before_share":"","sfsi_plus_gutenberg_show_text_before_share":"","sfsi_plus_gutenberg_icon_type":"","sfsi_plus_gutenberg_icon_alignemt":"","sfsi_plus_gutenburg_max_per_row":"","footnotes":""},"categories":[11],"tags":[],"class_list":["post-103117","post","type-post","status-publish","format-standard","has-post-thumbnail","hentry","category-politica"],"_links":{"self":[{"href":"https:\/\/www.caririemacao.com\/1\/wp-json\/wp\/v2\/posts\/103117","targetHints":{"allow":["GET"]}}],"collection":[{"href":"https:\/\/www.caririemacao.com\/1\/wp-json\/wp\/v2\/posts"}],"about":[{"href":"https:\/\/www.caririemacao.com\/1\/wp-json\/wp\/v2\/types\/post"}],"author":[{"embeddable":true,"href":"https:\/\/www.caririemacao.com\/1\/wp-json\/wp\/v2\/users\/1"}],"replies":[{"embeddable":true,"href":"https:\/\/www.caririemacao.com\/1\/wp-json\/wp\/v2\/comments?post=103117"}],"version-history":[{"count":1,"href":"https:\/\/www.caririemacao.com\/1\/wp-json\/wp\/v2\/posts\/103117\/revisions"}],"predecessor-version":[{"id":103119,"href":"https:\/\/www.caririemacao.com\/1\/wp-json\/wp\/v2\/posts\/103117\/revisions\/103119"}],"wp:featuredmedia":[{"embeddable":true,"href":"https:\/\/www.caririemacao.com\/1\/wp-json\/wp\/v2\/media\/103118"}],"wp:attachment":[{"href":"https:\/\/www.caririemacao.com\/1\/wp-json\/wp\/v2\/media?parent=103117"}],"wp:term":[{"taxonomy":"category","embeddable":true,"href":"https:\/\/www.caririemacao.com\/1\/wp-json\/wp\/v2\/categories?post=103117"},{"taxonomy":"post_tag","embeddable":true,"href":"https:\/\/www.caririemacao.com\/1\/wp-json\/wp\/v2\/tags?post=103117"}],"curies":[{"name":"wp","href":"https:\/\/api.w.org\/{rel}","templated":true}]}}