{"id":103124,"date":"2019-07-02T15:06:27","date_gmt":"2019-07-02T18:06:27","guid":{"rendered":"http:\/\/www.caririemacao.com\/1\/?p=103124"},"modified":"2019-07-02T15:06:27","modified_gmt":"2019-07-02T18:06:27","slug":"governadores-e-lideres-nao-fecham-acordo-por-estados-na-reforma-da-previdencia","status":"publish","type":"post","link":"https:\/\/www.caririemacao.com\/1\/2019\/07\/02\/governadores-e-lideres-nao-fecham-acordo-por-estados-na-reforma-da-previdencia\/","title":{"rendered":"Governadores e l\u00edderes n\u00e3o fecham acordo por estados na reforma da Previd\u00eancia"},"content":{"rendered":"\n<p>Terminou sem acordo a reuni\u00e3o para tentar reincluir servidores estaduais e municipais na reforma da Previd\u00eancia, em an\u00e1lise pelo Congresso.<\/p>\n\n\n\n<p>A tend\u00eancia ainda \u00e9 que os governadores e prefeitos tenham que mobilizar 308 deputados para que, em vota\u00e7\u00e3o no plen\u00e1rio, estados e munic\u00edpios retornem \u00e0 reforma.<\/p>\n\n\n\n<p>O presidente da C\u00e2mara, Rodrigo Maia (DEM-RJ), reuniu, nesta ter\u00e7a-feira (2), governadores e l\u00edderes partid\u00e1rios em busca de um consenso para que a reforma tamb\u00e9m tenha validade para estados e munic\u00edpios.<\/p>\n\n\n\n<p>L\u00edderes que representam a maioria da C\u00e2mara n\u00e3o querem aprovar medidas para ajudar no ajuste de contas de governadores e prefeitos que fazem campanha contra quem vota a favor da reestrutura\u00e7\u00e3o do sistema de aposentadorias.<\/p>\n\n\n\n<p>Segundo os l\u00edderes do PSDB na C\u00e2mara, Carlos Sampaio (SP), e do Solidariedade, Augusto Coutinho (PE), apesar da falta de acordo em rela\u00e7\u00e3o a servidores estaduais e municipais, h\u00e1 um consenso para que o relator da reforma, deputado Samuel Moreira (PSDB-SP), apresente nesta ter\u00e7a a nova vers\u00e3o da proposta.<\/p>\n\n\n\n<p>A vota\u00e7\u00e3o seria nesta quarta-feira (3) na comiss\u00e3o especial da C\u00e2mara que analisa o tema. Mas o acordo n\u00e3o incluiu a oposi\u00e7\u00e3o.<\/p>\n\n\n\n<p>Governadores de partidos da oposi\u00e7\u00e3o participaram do encontro com Maia e confirmaram que ainda se busca um entendimento a respeito do futuro dos estados e munic\u00edpios na reforma.<\/p>\n\n\n\n<p>O governador do Piau\u00ed, Wellington Dias (PT), disse que houve avan\u00e7o nas negocia\u00e7\u00f5es, mas que, agora, a decis\u00e3o \u00e9 dos l\u00edderes partid\u00e1rios.<\/p>\n\n\n\n<p>Deputados querem a garantia de que parlamentares da oposi\u00e7\u00e3o tamb\u00e9m v\u00e3o votar pelas mudan\u00e7as nas aposentadorias.<\/p>\n\n\n\n<p>Dias e o governador do Esp\u00edrito Santo, Renato Casagrande (PSB), n\u00e3o se comprometeram com a quantidade de votos que seriam adicionados \u00e0 proposta por conta da articula\u00e7\u00e3o dos governadores.<\/p>\n\n\n\n<p>Dias informou que cada estado apresentou uma estimativa de votos adicionais ao texto, mas que os l\u00edderes teriam que conseguir convencer os deputados.<\/p>\n\n\n\n<p>No caso do Piau\u00ed, tr\u00eas parlamentares poderiam mudar de posi\u00e7\u00e3o caso a reforma tamb\u00e9m tenha validade para servidores estaduais e municipais.<\/p>\n\n\n\n<p>Governadores do Nordeste querem, al\u00e9m da reestrutura\u00e7\u00e3o da Previd\u00eancia, medidas que aumentem a receita dos estados e a cria\u00e7\u00e3o de um fundo de compensa\u00e7\u00e3o com recursos a serem obtidos, por exemplo, com contratos no setor de petr\u00f3leo.<\/p>\n\n\n\n<p>Moreira aguardava a decis\u00e3o dessa reuni\u00e3o entre Maia e governadores para reincluir estados e munic\u00edpios na reforma ou deixa-los fora.<\/p>\n\n\n\n<p>A nova vers\u00e3o do projeto de reestrutura\u00e7\u00e3o do sistema de aposentadorias dos trabalhadores da iniciativa privada e de servidores p\u00fablicos deve ser apresentada por Moreira \u00e0s 16h.<\/p>\n\n\n\n<p>No mesmo hor\u00e1rio, o ministro Sergio Moro (Justi\u00e7a) deve participar de audi\u00eancia conjunta de quatro comiss\u00f5es da C\u00e2mara sobre supostas mensagens trocadas com o coordenador da Opera\u00e7\u00e3o Lava Jato, procurador Deltan Dallagnol.<\/p>\n","protected":false},"excerpt":{"rendered":"<p>Terminou sem acordo a reuni\u00e3o para tentar reincluir servidores estaduais e municipais na reforma da Previd\u00eancia, em an\u00e1lise pelo Congresso. A tend\u00eancia ainda \u00e9 que&hellip; <\/p>\n","protected":false},"author":1,"featured_media":103125,"comment_status":"closed","ping_status":"closed","sticky":false,"template":"","format":"standard","meta":{"sfsi_plus_gutenberg_text_before_share":"","sfsi_plus_gutenberg_show_text_before_share":"","sfsi_plus_gutenberg_icon_type":"","sfsi_plus_gutenberg_icon_alignemt":"","sfsi_plus_gutenburg_max_per_row":"","footnotes":""},"categories":[11],"tags":[],"class_list":["post-103124","post","type-post","status-publish","format-standard","has-post-thumbnail","hentry","category-politica"],"_links":{"self":[{"href":"https:\/\/www.caririemacao.com\/1\/wp-json\/wp\/v2\/posts\/103124","targetHints":{"allow":["GET"]}}],"collection":[{"href":"https:\/\/www.caririemacao.com\/1\/wp-json\/wp\/v2\/posts"}],"about":[{"href":"https:\/\/www.caririemacao.com\/1\/wp-json\/wp\/v2\/types\/post"}],"author":[{"embeddable":true,"href":"https:\/\/www.caririemacao.com\/1\/wp-json\/wp\/v2\/users\/1"}],"replies":[{"embeddable":true,"href":"https:\/\/www.caririemacao.com\/1\/wp-json\/wp\/v2\/comments?post=103124"}],"version-history":[{"count":1,"href":"https:\/\/www.caririemacao.com\/1\/wp-json\/wp\/v2\/posts\/103124\/revisions"}],"predecessor-version":[{"id":103126,"href":"https:\/\/www.caririemacao.com\/1\/wp-json\/wp\/v2\/posts\/103124\/revisions\/103126"}],"wp:featuredmedia":[{"embeddable":true,"href":"https:\/\/www.caririemacao.com\/1\/wp-json\/wp\/v2\/media\/103125"}],"wp:attachment":[{"href":"https:\/\/www.caririemacao.com\/1\/wp-json\/wp\/v2\/media?parent=103124"}],"wp:term":[{"taxonomy":"category","embeddable":true,"href":"https:\/\/www.caririemacao.com\/1\/wp-json\/wp\/v2\/categories?post=103124"},{"taxonomy":"post_tag","embeddable":true,"href":"https:\/\/www.caririemacao.com\/1\/wp-json\/wp\/v2\/tags?post=103124"}],"curies":[{"name":"wp","href":"https:\/\/api.w.org\/{rel}","templated":true}]}}