{"id":103129,"date":"2019-07-02T17:07:58","date_gmt":"2019-07-02T20:07:58","guid":{"rendered":"http:\/\/www.caririemacao.com\/1\/?p=103129"},"modified":"2019-07-02T17:07:58","modified_gmt":"2019-07-02T20:07:58","slug":"bolsonaro-inclusao-de-estados-na-reforma-depende-de-apoio-do-nordeste","status":"publish","type":"post","link":"https:\/\/www.caririemacao.com\/1\/2019\/07\/02\/bolsonaro-inclusao-de-estados-na-reforma-depende-de-apoio-do-nordeste\/","title":{"rendered":"Bolsonaro: inclus\u00e3o de estados na reforma depende de apoio do Nordeste"},"content":{"rendered":"\n<p>O presidente Jair Bolsonaro disse hoje (2) na Comiss\u00e3o Especial da Reforma da Previd\u00eancia da C\u00e2mara dos Deputados que, para incluir estados e munic\u00edpios, \u00e9 preciso que os governadores do Nordeste e de esquerda votem a favor, mesmo que isso gere desgaste com suas bases de apoio. Ele disse ainda que espera que relat\u00f3rio do deputado Samuel Moreira (PSDB-SP) seja lido ainda hoje (3).<br><\/p>\n\n\n\n<p>\u201cPara entrarem estados e munic\u00edpios, os governadores, em especial os do Nordeste e de esquerda, t\u00eam que votar favor\u00e1vel. At\u00e9 pouco tempo, eles queriam que fosse aprovada a reforma com voto contr\u00e1rio deles para eles n\u00e3o terem desgaste. Porque tem desgaste o parlamento, sim tem. Agora, h\u00e1 um sentimento dentro do parlamento e fora tamb\u00e9m de que temos que mudar. Se n\u00e3o mudar, o Brasil vai ter mais problemas econ\u00f4micos pela frente do que j\u00e1 temos no momento\u201d, disse.<\/p>\n\n\n\n<p>Nos \u00faltimos dias tem ocorrido negocia\u00e7\u00f5es entre equipe econ\u00f4mica, l\u00edderes partid\u00e1rios e governadores para uma poss\u00edvel reinclus\u00e3o de estados e munic\u00edpios na reforma da Previd\u00eancia, ainda na comiss\u00e3o especial que trata do tema.<\/p>\n\n\n\n<p>Pelo projeto enviado pelo governo federal, a Proposta de Emenda \u00e0 Constitui\u00e7\u00e3o (PEC) 6\/19 da reforma da Previd\u00eancia valeria automaticamente para servidores dos estados e dos munic\u00edpios, sem necessidade de aprova\u00e7\u00e3o pelos legislativos locais, mas esse ponto foi retirado do parecer do relator.<\/p>\n\n\n\n<p>Sobre reivindica\u00e7\u00f5es de militares em rela\u00e7\u00e3o a regras diferenciadas de aposentadoria, o presidente Bolsonaro disse que isso est\u00e1 em negocia\u00e7\u00e3o e que todo mundo vai ter sua cota de sacrif\u00edcio.<\/p>\n\n\n\n<p><strong>Ministro do Turismo<\/strong><br><\/p>\n\n\n\n<p>Questionado por jornalistas se o ministro do Turismo, Marcelo \u00c1lvaro Ant\u00f4nio, permanece no cargo, Bolsonaro respondeu que \u00e9 preciso haver uma acusa\u00e7\u00e3o formal contra ele para que se tome alguma provid\u00eancia. \u201cPor enquanto tenho 22 ministros sem problema. Tem que ter acusa\u00e7\u00e3o grave, acusa\u00e7\u00e3o com subst\u00e2ncia. Por enquanto n\u00e3o tem nada contra ele ainda. Tem do assessor. Se o assessor falar e for confirmado que ele tem participa\u00e7\u00e3o, a\u00ed a gente toma provid\u00eancia\u201d, disse.<\/p>\n\n\n\n<p>No dia 27 de junho, a Pol\u00edcia Federal (PF) deteve o assessor especial do Minist\u00e9rio do Turismo, Mateus Von Rondon Martins por suspeita de integrar um suposto esquema que fraudava candidaturas eleitorais em Minas Gerais. Ontem (1\u00b0), o assessor foi liberado pela pol\u00edcia.<\/p>\n\n\n\n<p>Outros dois ex-assessores do ministro do Turismo tamb\u00e9m foram presos em car\u00e1ter tempor\u00e1rio nesta mesma opera\u00e7\u00e3o.<\/p>\n","protected":false},"excerpt":{"rendered":"<p>O presidente Jair Bolsonaro disse hoje (2) na Comiss\u00e3o Especial da Reforma da Previd\u00eancia da C\u00e2mara dos Deputados que, para incluir estados e munic\u00edpios, \u00e9&hellip; <\/p>\n","protected":false},"author":1,"featured_media":103130,"comment_status":"closed","ping_status":"closed","sticky":false,"template":"","format":"standard","meta":{"sfsi_plus_gutenberg_text_before_share":"","sfsi_plus_gutenberg_show_text_before_share":"","sfsi_plus_gutenberg_icon_type":"","sfsi_plus_gutenberg_icon_alignemt":"","sfsi_plus_gutenburg_max_per_row":"","footnotes":""},"categories":[11],"tags":[],"class_list":["post-103129","post","type-post","status-publish","format-standard","has-post-thumbnail","hentry","category-politica"],"_links":{"self":[{"href":"https:\/\/www.caririemacao.com\/1\/wp-json\/wp\/v2\/posts\/103129","targetHints":{"allow":["GET"]}}],"collection":[{"href":"https:\/\/www.caririemacao.com\/1\/wp-json\/wp\/v2\/posts"}],"about":[{"href":"https:\/\/www.caririemacao.com\/1\/wp-json\/wp\/v2\/types\/post"}],"author":[{"embeddable":true,"href":"https:\/\/www.caririemacao.com\/1\/wp-json\/wp\/v2\/users\/1"}],"replies":[{"embeddable":true,"href":"https:\/\/www.caririemacao.com\/1\/wp-json\/wp\/v2\/comments?post=103129"}],"version-history":[{"count":1,"href":"https:\/\/www.caririemacao.com\/1\/wp-json\/wp\/v2\/posts\/103129\/revisions"}],"predecessor-version":[{"id":103131,"href":"https:\/\/www.caririemacao.com\/1\/wp-json\/wp\/v2\/posts\/103129\/revisions\/103131"}],"wp:featuredmedia":[{"embeddable":true,"href":"https:\/\/www.caririemacao.com\/1\/wp-json\/wp\/v2\/media\/103130"}],"wp:attachment":[{"href":"https:\/\/www.caririemacao.com\/1\/wp-json\/wp\/v2\/media?parent=103129"}],"wp:term":[{"taxonomy":"category","embeddable":true,"href":"https:\/\/www.caririemacao.com\/1\/wp-json\/wp\/v2\/categories?post=103129"},{"taxonomy":"post_tag","embeddable":true,"href":"https:\/\/www.caririemacao.com\/1\/wp-json\/wp\/v2\/tags?post=103129"}],"curies":[{"name":"wp","href":"https:\/\/api.w.org\/{rel}","templated":true}]}}