{"id":103135,"date":"2019-07-02T17:11:17","date_gmt":"2019-07-02T20:11:17","guid":{"rendered":"http:\/\/www.caririemacao.com\/1\/?p=103135"},"modified":"2019-07-02T17:11:17","modified_gmt":"2019-07-02T20:11:17","slug":"lula-processa-blogueira-que-comemorou-morte-de-seu-neto","status":"publish","type":"post","link":"https:\/\/www.caririemacao.com\/1\/2019\/07\/02\/lula-processa-blogueira-que-comemorou-morte-de-seu-neto\/","title":{"rendered":"Lula processa blogueira que comemorou morte de seu neto"},"content":{"rendered":"\n<p>O ex-presidente Lula, que est\u00e1 preso em Curitiba desde 2018 pela opera\u00e7\u00e3o Lava Jato, entrou com um processo contra a blogueira Alessandra Strutzel, que fez um post em suas redes sociais comemorando a morte do neto do petista. Arthur Lula da Silva, de 7 anos, faleceu em mar\u00e7o deste ano v\u00edtima de uma infec\u00e7\u00e3o generalizada.<\/p>\n\n\n\n<p>Ap\u00f3s a morte do pequeno Arthur, Alessandra fez um post em seu Facebook comemorando o acontecimento. \u201cPelo menos uma not\u00edcia boa\u201d, disse ao compartilhar a not\u00edcia. Ap\u00f3s ser criticada, a paulista fez outro post com fotos de Lula sorrindo dizendo: Se ele n\u00e3o est\u00e1 triste, pq eu estaria\u201d.<\/p>\n\n\n\n<figure class=\"wp-block-image\"><img decoding=\"async\" data-src=\"https:\/\/www.clickpb.com.br\/media\/filer_public\/73\/0b\/730bf317-30d3-4d68-8ac2-316be2888b49\/screenshot_2.png\" alt=\"\" src=\"data:image\/svg+xml;base64,PHN2ZyB3aWR0aD0iMSIgaGVpZ2h0PSIxIiB4bWxucz0iaHR0cDovL3d3dy53My5vcmcvMjAwMC9zdmciPjwvc3ZnPg==\" class=\"lazyload\" \/><\/figure>\n\n\n\n<p>Oito advogados assinam a peti\u00e7\u00e3o do petista, afirmando que a mulher violou a dignidade da pessoa humana. O pedido de indeniza\u00e7\u00e3o \u00e9 de cinquenta sal\u00e1rios m\u00ednimos, o equivalente a cerca de 50 000 reais.<\/p>\n\n\n\n<p>\u201cUma les\u00e3o de cunho psicol\u00f3gico jamais pode ser plenamente reparada por interm\u00e9dio de bens materiais, mas o requerente n\u00e3o deve ficar desguarnecido de prote\u00e7\u00e3o jur\u00eddica\u201d, diz a acusa\u00e7\u00e3o.<\/p>\n","protected":false},"excerpt":{"rendered":"<p>O ex-presidente Lula, que est\u00e1 preso em Curitiba desde 2018 pela opera\u00e7\u00e3o Lava Jato, entrou com um processo contra a blogueira Alessandra Strutzel, que fez&hellip; <\/p>\n","protected":false},"author":1,"featured_media":103136,"comment_status":"closed","ping_status":"closed","sticky":false,"template":"","format":"standard","meta":{"sfsi_plus_gutenberg_text_before_share":"","sfsi_plus_gutenberg_show_text_before_share":"","sfsi_plus_gutenberg_icon_type":"","sfsi_plus_gutenberg_icon_alignemt":"","sfsi_plus_gutenburg_max_per_row":"","footnotes":""},"categories":[11],"tags":[],"class_list":["post-103135","post","type-post","status-publish","format-standard","has-post-thumbnail","hentry","category-politica"],"_links":{"self":[{"href":"https:\/\/www.caririemacao.com\/1\/wp-json\/wp\/v2\/posts\/103135","targetHints":{"allow":["GET"]}}],"collection":[{"href":"https:\/\/www.caririemacao.com\/1\/wp-json\/wp\/v2\/posts"}],"about":[{"href":"https:\/\/www.caririemacao.com\/1\/wp-json\/wp\/v2\/types\/post"}],"author":[{"embeddable":true,"href":"https:\/\/www.caririemacao.com\/1\/wp-json\/wp\/v2\/users\/1"}],"replies":[{"embeddable":true,"href":"https:\/\/www.caririemacao.com\/1\/wp-json\/wp\/v2\/comments?post=103135"}],"version-history":[{"count":1,"href":"https:\/\/www.caririemacao.com\/1\/wp-json\/wp\/v2\/posts\/103135\/revisions"}],"predecessor-version":[{"id":103137,"href":"https:\/\/www.caririemacao.com\/1\/wp-json\/wp\/v2\/posts\/103135\/revisions\/103137"}],"wp:featuredmedia":[{"embeddable":true,"href":"https:\/\/www.caririemacao.com\/1\/wp-json\/wp\/v2\/media\/103136"}],"wp:attachment":[{"href":"https:\/\/www.caririemacao.com\/1\/wp-json\/wp\/v2\/media?parent=103135"}],"wp:term":[{"taxonomy":"category","embeddable":true,"href":"https:\/\/www.caririemacao.com\/1\/wp-json\/wp\/v2\/categories?post=103135"},{"taxonomy":"post_tag","embeddable":true,"href":"https:\/\/www.caririemacao.com\/1\/wp-json\/wp\/v2\/tags?post=103135"}],"curies":[{"name":"wp","href":"https:\/\/api.w.org\/{rel}","templated":true}]}}