{"id":103145,"date":"2019-07-02T21:21:22","date_gmt":"2019-07-03T00:21:22","guid":{"rendered":"http:\/\/www.caririemacao.com\/1\/?p=103145"},"modified":"2019-07-02T21:21:22","modified_gmt":"2019-07-03T00:21:22","slug":"prefeito-inacio-nobrega-esteve-inspecionando-a-estrutura-de-currais-para-realizacao-de-mais-uma-edicao-do-amparo-cabra-fest","status":"publish","type":"post","link":"https:\/\/www.caririemacao.com\/1\/2019\/07\/02\/prefeito-inacio-nobrega-esteve-inspecionando-a-estrutura-de-currais-para-realizacao-de-mais-uma-edicao-do-amparo-cabra-fest\/","title":{"rendered":"Prefeito In\u00e1cio N\u00f3brega esteve inspecionando a estrutura de currais para realiza\u00e7\u00e3o de mais uma edi\u00e7\u00e3o do Amparo Cabra Fest"},"content":{"rendered":"\n<p>Acompanhado do Secret\u00e1rio de Agricultura e Abastecimento Paulo Henrique, o prefeito In\u00e1cio N\u00f3brega esteve visitando o local de reestrutura\u00e7\u00e3o de currais na manh\u00e3 desta ter\u00e7a-feira (02).<br>O prefeito afirma que tudo est\u00e1 dentro do cronograma de execu\u00e7\u00e3o e atendendo as expectativas da comiss\u00e3o organizadora do evento, no sentido de atender o p\u00fablico presente e, em especial os produtores.<\/p>\n\n\n\n<figure class=\"wp-block-image\"><a href=\"https:\/\/1.bp.blogspot.com\/-wCr-S5BPYrc\/XRu-qPUnXGI\/AAAAAAABB0M\/k4JC659GbR4WmIPzsusSF_pOdEX_nN8lQCLcBGAs\/s1600\/WhatsApp%2BImage%2B2019-07-02%2Bat%2B3.54.30%2BPM.jpeg\"><img decoding=\"async\" data-src=\"https:\/\/1.bp.blogspot.com\/-wCr-S5BPYrc\/XRu-qPUnXGI\/AAAAAAABB0M\/k4JC659GbR4WmIPzsusSF_pOdEX_nN8lQCLcBGAs\/s640\/WhatsApp%2BImage%2B2019-07-02%2Bat%2B3.54.30%2BPM.jpeg\" alt=\"\" src=\"data:image\/svg+xml;base64,PHN2ZyB3aWR0aD0iMSIgaGVpZ2h0PSIxIiB4bWxucz0iaHR0cDovL3d3dy53My5vcmcvMjAwMC9zdmciPjwvc3ZnPg==\" class=\"lazyload\" \/><\/a><\/figure>\n\n\n\n<p>Ascom Prefeitura de Amparo<\/p>\n","protected":false},"excerpt":{"rendered":"<p>Acompanhado do Secret\u00e1rio de Agricultura e Abastecimento Paulo Henrique, o prefeito In\u00e1cio N\u00f3brega esteve visitando o local de reestrutura\u00e7\u00e3o de currais na manh\u00e3 desta ter\u00e7a-feira&hellip; <\/p>\n","protected":false},"author":1,"featured_media":103146,"comment_status":"closed","ping_status":"closed","sticky":false,"template":"","format":"standard","meta":{"sfsi_plus_gutenberg_text_before_share":"","sfsi_plus_gutenberg_show_text_before_share":"","sfsi_plus_gutenberg_icon_type":"","sfsi_plus_gutenberg_icon_alignemt":"","sfsi_plus_gutenburg_max_per_row":"","footnotes":""},"categories":[2],"tags":[],"class_list":["post-103145","post","type-post","status-publish","format-standard","has-post-thumbnail","hentry","category-geral"],"_links":{"self":[{"href":"https:\/\/www.caririemacao.com\/1\/wp-json\/wp\/v2\/posts\/103145","targetHints":{"allow":["GET"]}}],"collection":[{"href":"https:\/\/www.caririemacao.com\/1\/wp-json\/wp\/v2\/posts"}],"about":[{"href":"https:\/\/www.caririemacao.com\/1\/wp-json\/wp\/v2\/types\/post"}],"author":[{"embeddable":true,"href":"https:\/\/www.caririemacao.com\/1\/wp-json\/wp\/v2\/users\/1"}],"replies":[{"embeddable":true,"href":"https:\/\/www.caririemacao.com\/1\/wp-json\/wp\/v2\/comments?post=103145"}],"version-history":[{"count":1,"href":"https:\/\/www.caririemacao.com\/1\/wp-json\/wp\/v2\/posts\/103145\/revisions"}],"predecessor-version":[{"id":103147,"href":"https:\/\/www.caririemacao.com\/1\/wp-json\/wp\/v2\/posts\/103145\/revisions\/103147"}],"wp:featuredmedia":[{"embeddable":true,"href":"https:\/\/www.caririemacao.com\/1\/wp-json\/wp\/v2\/media\/103146"}],"wp:attachment":[{"href":"https:\/\/www.caririemacao.com\/1\/wp-json\/wp\/v2\/media?parent=103145"}],"wp:term":[{"taxonomy":"category","embeddable":true,"href":"https:\/\/www.caririemacao.com\/1\/wp-json\/wp\/v2\/categories?post=103145"},{"taxonomy":"post_tag","embeddable":true,"href":"https:\/\/www.caririemacao.com\/1\/wp-json\/wp\/v2\/tags?post=103145"}],"curies":[{"name":"wp","href":"https:\/\/api.w.org\/{rel}","templated":true}]}}