{"id":103164,"date":"2019-07-03T07:40:48","date_gmt":"2019-07-03T10:40:48","guid":{"rendered":"http:\/\/www.caririemacao.com\/1\/?p=103164"},"modified":"2019-07-03T07:40:48","modified_gmt":"2019-07-03T10:40:48","slug":"sume-se-prepara-para-primeira-plenaria-do-orcamento-democratico-municipal-2","status":"publish","type":"post","link":"https:\/\/www.caririemacao.com\/1\/2019\/07\/03\/sume-se-prepara-para-primeira-plenaria-do-orcamento-democratico-municipal-2\/","title":{"rendered":"Sum\u00e9 se prepara para primeira plen\u00e1ria do Or\u00e7amento Democr\u00e1tico Municipal"},"content":{"rendered":"\n<p>O munic\u00edpio de Sum\u00e9 \u00e9 o primeiro do Cariri Ocidental Paraibano a lan\u00e7ar o Or\u00e7amento Democr\u00e1tico Municipal (ODM) com a realiza\u00e7\u00e3o de reuni\u00f5es preparat\u00f3rias, plen\u00e1rias e elei\u00e7\u00e3o dos conselheiros.<\/p>\n\n\n\n<p>A primeira plen\u00e1ria acontece nesta sexta-feira (05), \u00e0s 19h, na quadra de esportes do Gin\u00e1sio O Ded\u00e3o. Esta primeira plen\u00e1ria \u00e9 voltada para os bairros da V\u00e1rzea Redonda, Frei Dami\u00e3o e Carro Quebrado.<\/p>\n\n\n\n<p>Com um calend\u00e1rio definido, cada bairro e regi\u00e3o da zona rural ser\u00e3o atendidas pelo ODM. O prefeito \u00c9den Duarte e toda a sua equipe de secret\u00e1rios e assessores estar\u00e3o presentes para ouvir as comunidades que definir\u00e3o nas plen\u00e1rias as suas prioridades.<\/p>\n\n\n\n<p>O coordenador do ODM, Marivaldo Alc\u00e2ntara, j\u00e1 vem h\u00e1 15 dias, realizando nas comunidades as reuni\u00f5es preparat\u00f3rias, que antecedem as plen\u00e1rias, mostrando a import\u00e2ncia da participa\u00e7\u00e3o da popula\u00e7\u00e3o e da vota\u00e7\u00e3o dos conselheiros do ODM.<\/p>\n\n\n\n<p>Os conselheiros ser\u00e3o eleitos pela comunidade durante as plen\u00e1rias, ser\u00e1 uma fun\u00e7\u00e3o voluntaria, sem remunera\u00e7\u00e3o, mas de import\u00e2ncia relevante para a constru\u00e7\u00e3o do ODM.<\/p>\n\n\n\n<p>Os conselheiros eleitos ter\u00e3o a oportunidade de acompanhar junto ao governo municipal, todas as a\u00e7\u00f5es pertinentes, apontadas durante as plen\u00e1rias, tento acesso direto as secretarias e o chefe do executivo, para debater a implanta\u00e7\u00e3o das demandas votadas pela popula\u00e7\u00e3o.<\/p>\n\n\n\n<p>As pessoas que tem interesse em se candidatar devem residir na regi\u00e3o que ser\u00e1 realizada a plen\u00e1ria, ter mais de 18 anos e n\u00e3o ter nenhum v\u00ednculo empregat\u00edcio com a Prefeitura de Sum\u00e9. Durante as audi\u00eancias, as pessoas que querem ser candidatos devem apresentar documento de identidade e comprovante de resid\u00eancia.<\/p>\n\n\n\n<p>Ap\u00f3s a realiza\u00e7\u00e3o da audi\u00eancia na v\u00e1rzea redonda, o pr\u00f3ximo bairro a receber o ODM ser\u00e1 o Alto Alegre, no dia 12 de julho, em seguida o sitio Concei\u00e7\u00e3o, no dia 13. Confira o calend\u00e1rio:<\/p>\n\n\n\n<figure class=\"wp-block-image\"><a href=\"http:\/\/noticiasemdestaque.com\/cd\/wp-content\/uploads\/2019\/07\/ODM-CALEND%C3%81RIO-PLEN%C3%81RIAS.png\"><img decoding=\"async\" data-src=\"http:\/\/noticiasemdestaque.com\/cd\/wp-content\/uploads\/2019\/07\/ODM-CALEND%C3%81RIO-PLEN%C3%81RIAS-759x1024.png\" alt=\"\" class=\"wp-image-18131 lazyload\" src=\"data:image\/svg+xml;base64,PHN2ZyB3aWR0aD0iMSIgaGVpZ2h0PSIxIiB4bWxucz0iaHR0cDovL3d3dy53My5vcmcvMjAwMC9zdmciPjwvc3ZnPg==\" style=\"--smush-placeholder-width: 759px; --smush-placeholder-aspect-ratio: 759\/1024;\" \/><\/a><\/figure>\n","protected":false},"excerpt":{"rendered":"<p>O munic\u00edpio de Sum\u00e9 \u00e9 o primeiro do Cariri Ocidental Paraibano a lan\u00e7ar o Or\u00e7amento Democr\u00e1tico Municipal (ODM) com a realiza\u00e7\u00e3o de reuni\u00f5es preparat\u00f3rias, plen\u00e1rias&hellip; <\/p>\n","protected":false},"author":1,"featured_media":103165,"comment_status":"closed","ping_status":"closed","sticky":false,"template":"","format":"standard","meta":{"sfsi_plus_gutenberg_text_before_share":"","sfsi_plus_gutenberg_show_text_before_share":"","sfsi_plus_gutenberg_icon_type":"","sfsi_plus_gutenberg_icon_alignemt":"","sfsi_plus_gutenburg_max_per_row":"","footnotes":""},"categories":[2],"tags":[],"class_list":["post-103164","post","type-post","status-publish","format-standard","has-post-thumbnail","hentry","category-geral"],"_links":{"self":[{"href":"https:\/\/www.caririemacao.com\/1\/wp-json\/wp\/v2\/posts\/103164","targetHints":{"allow":["GET"]}}],"collection":[{"href":"https:\/\/www.caririemacao.com\/1\/wp-json\/wp\/v2\/posts"}],"about":[{"href":"https:\/\/www.caririemacao.com\/1\/wp-json\/wp\/v2\/types\/post"}],"author":[{"embeddable":true,"href":"https:\/\/www.caririemacao.com\/1\/wp-json\/wp\/v2\/users\/1"}],"replies":[{"embeddable":true,"href":"https:\/\/www.caririemacao.com\/1\/wp-json\/wp\/v2\/comments?post=103164"}],"version-history":[{"count":1,"href":"https:\/\/www.caririemacao.com\/1\/wp-json\/wp\/v2\/posts\/103164\/revisions"}],"predecessor-version":[{"id":103166,"href":"https:\/\/www.caririemacao.com\/1\/wp-json\/wp\/v2\/posts\/103164\/revisions\/103166"}],"wp:featuredmedia":[{"embeddable":true,"href":"https:\/\/www.caririemacao.com\/1\/wp-json\/wp\/v2\/media\/103165"}],"wp:attachment":[{"href":"https:\/\/www.caririemacao.com\/1\/wp-json\/wp\/v2\/media?parent=103164"}],"wp:term":[{"taxonomy":"category","embeddable":true,"href":"https:\/\/www.caririemacao.com\/1\/wp-json\/wp\/v2\/categories?post=103164"},{"taxonomy":"post_tag","embeddable":true,"href":"https:\/\/www.caririemacao.com\/1\/wp-json\/wp\/v2\/tags?post=103164"}],"curies":[{"name":"wp","href":"https:\/\/api.w.org\/{rel}","templated":true}]}}