{"id":103185,"date":"2019-07-03T07:57:00","date_gmt":"2019-07-03T10:57:00","guid":{"rendered":"http:\/\/www.caririemacao.com\/1\/?p=103185"},"modified":"2019-07-03T07:57:00","modified_gmt":"2019-07-03T10:57:00","slug":"novo-relatorio-da-reforma-da-previdencia-mantem-economia-de-r-1-tri","status":"publish","type":"post","link":"https:\/\/www.caririemacao.com\/1\/2019\/07\/03\/novo-relatorio-da-reforma-da-previdencia-mantem-economia-de-r-1-tri\/","title":{"rendered":"Novo relat\u00f3rio da reforma da Previd\u00eancia mant\u00e9m economia de R$ 1 tri"},"content":{"rendered":"\n<p>O\u00a0fim da isen\u00e7\u00e3o da contribui\u00e7\u00e3o previdenci\u00e1ria a exportadores rurais permitir\u00e1 manter a economia com a reforma da Previd\u00eancia acima de R$ 1 trilh\u00e3o em dez anos. Segundo o relator da proposta na comiss\u00e3o especial da C\u00e2mara, deputado Samuel Moreira (PSDB-SP), o impacto fiscal corresponder\u00e1 a R$ 1,074 trilh\u00e3o no per\u00edodo.<\/p>\n\n\n\n<p>A estimativa inclui a redu\u00e7\u00e3o de despesas de R$ 933,9 bilh\u00f5es e aumento de receitas (por meio de alta de tributos e fim de isen\u00e7\u00f5es) de R$ 137,4 bilh\u00f5es. A proposta original, enviada pelo governo em fevereiro,\u00a0previa uma<a rel=\"noreferrer noopener\" href=\"http:\/\/agenciabrasil.ebc.com.br\/economia\/noticia\/2019-04\/reforma-vai-gerar-economia-de-r-1236-trilhao-em-10-anos-diz-governo\" target=\"_blank\"> <\/a>economia de R$ 1,236 trilh\u00e3o em uma d\u00e9cada, mas n\u00e3o inclu\u00eda eleva\u00e7\u00e3o de receitas.<\/p>\n\n\n\n<p>A primeira vers\u00e3o do relat\u00f3rio tinha\u00a0reduzido a economia de R$ 1,13 trilh\u00e3o com o remanejamento para a Previd\u00eancia Social de R$ 214 bilh\u00f5es\u00a0do Banco Nacional de Desenvolvimento Econ\u00f4mico e Social (BNDES). O relator, no entanto,\u00a0desistiu da ideia ap\u00f3s cr\u00edticas da equipe econ\u00f4mica e do Congresso.<\/p>\n\n\n\n<p>Do lado das despesas, o novo relat\u00f3rio projeta economia de R$ 688 bilh\u00f5es com o Regime Geral da Previd\u00eancia Social (RGPS), que paga as aposentadorias da iniciativa privada e das estatais; R$ 136 bilh\u00f5es no Regime Pr\u00f3prio dos Servidores Federais; R$ 74 bilh\u00f5es com a redu\u00e7\u00e3o da faixa de renda para receber o abono salarial e R$ 33 bilh\u00f5es\u00a0com uma medida para combater fraudes no Benef\u00edcio de Presta\u00e7\u00e3o Continuada (BPC), tamb\u00e9m inclu\u00edda\u00a0hoje\u00a0no relat\u00f3rio.<\/p>\n\n\n\n<p>Do lado da arrecada\u00e7\u00e3o, Moreira incluiu na proposta o fim da isen\u00e7\u00e3o das contribui\u00e7\u00f5es dos exportadores rurais para a Previd\u00eancia Social, que dever\u00e1 refor\u00e7ar o caixa do governo em R$ 83,9 bilh\u00f5es em uma d\u00e9cada. A eleva\u00e7\u00e3o de 15% para 20% da Contribui\u00e7\u00e3o Social sobre o Lucro L\u00edquido (CSLL) dos bancos dever\u00e1 gerar R$ 53,5 bilh\u00f5es em receitas.<\/p>\n","protected":false},"excerpt":{"rendered":"<p>O\u00a0fim da isen\u00e7\u00e3o da contribui\u00e7\u00e3o previdenci\u00e1ria a exportadores rurais permitir\u00e1 manter a economia com a reforma da Previd\u00eancia acima de R$ 1 trilh\u00e3o em dez&hellip; <\/p>\n","protected":false},"author":1,"featured_media":103186,"comment_status":"closed","ping_status":"closed","sticky":false,"template":"","format":"standard","meta":{"sfsi_plus_gutenberg_text_before_share":"","sfsi_plus_gutenberg_show_text_before_share":"","sfsi_plus_gutenberg_icon_type":"","sfsi_plus_gutenberg_icon_alignemt":"","sfsi_plus_gutenburg_max_per_row":"","footnotes":""},"categories":[11],"tags":[],"class_list":["post-103185","post","type-post","status-publish","format-standard","has-post-thumbnail","hentry","category-politica"],"_links":{"self":[{"href":"https:\/\/www.caririemacao.com\/1\/wp-json\/wp\/v2\/posts\/103185","targetHints":{"allow":["GET"]}}],"collection":[{"href":"https:\/\/www.caririemacao.com\/1\/wp-json\/wp\/v2\/posts"}],"about":[{"href":"https:\/\/www.caririemacao.com\/1\/wp-json\/wp\/v2\/types\/post"}],"author":[{"embeddable":true,"href":"https:\/\/www.caririemacao.com\/1\/wp-json\/wp\/v2\/users\/1"}],"replies":[{"embeddable":true,"href":"https:\/\/www.caririemacao.com\/1\/wp-json\/wp\/v2\/comments?post=103185"}],"version-history":[{"count":1,"href":"https:\/\/www.caririemacao.com\/1\/wp-json\/wp\/v2\/posts\/103185\/revisions"}],"predecessor-version":[{"id":103187,"href":"https:\/\/www.caririemacao.com\/1\/wp-json\/wp\/v2\/posts\/103185\/revisions\/103187"}],"wp:featuredmedia":[{"embeddable":true,"href":"https:\/\/www.caririemacao.com\/1\/wp-json\/wp\/v2\/media\/103186"}],"wp:attachment":[{"href":"https:\/\/www.caririemacao.com\/1\/wp-json\/wp\/v2\/media?parent=103185"}],"wp:term":[{"taxonomy":"category","embeddable":true,"href":"https:\/\/www.caririemacao.com\/1\/wp-json\/wp\/v2\/categories?post=103185"},{"taxonomy":"post_tag","embeddable":true,"href":"https:\/\/www.caririemacao.com\/1\/wp-json\/wp\/v2\/tags?post=103185"}],"curies":[{"name":"wp","href":"https:\/\/api.w.org\/{rel}","templated":true}]}}