{"id":103188,"date":"2019-07-03T08:00:25","date_gmt":"2019-07-03T11:00:25","guid":{"rendered":"http:\/\/www.caririemacao.com\/1\/?p=103188"},"modified":"2019-07-03T08:00:25","modified_gmt":"2019-07-03T11:00:25","slug":"guaido-diz-que-nunca-sera-um-bom-momento-para-negociar-com-maduro","status":"publish","type":"post","link":"https:\/\/www.caririemacao.com\/1\/2019\/07\/03\/guaido-diz-que-nunca-sera-um-bom-momento-para-negociar-com-maduro\/","title":{"rendered":"Guaid\u00f3 diz que &#8220;nunca&#8221; ser\u00e1 um bom momento para negociar com Maduro"},"content":{"rendered":"\n<p>O l\u00edder de oposi\u00e7\u00e3o venezuelana Juan Guaid\u00f3 disse nessa ter\u00e7a-feira (2) que &#8220;nunca&#8221; haver\u00e1 um bom momento para negociar com a &#8220;ditadura&#8221; do presidente Nicol\u00e1s Maduro, descartando uma nova rodada de conversas para p\u00f4r fim \u00e0 crise pol\u00edtica que o pa\u00eds vive.&nbsp;<\/p>\n\n\n\n<p>Guaid\u00f3 e Maduro haviam enviado representantes a Oslo em maio, para discuss\u00f5es incentivadas pelo governo da Noruega, mas as partes n\u00e3o conseguiram chegar a qualquer tipo de acordo. No s\u00e1bado, pessoas familiarizadas com o assunto disseram \u00e0 Reuters que as negocia\u00e7\u00f5es seriam reiniciadas nesta semana.&nbsp;<\/p>\n\n\n\n<p>Guaid\u00f3 afirmou que n\u00e3o havia &#8220;an\u00fancio oficial de que ele compareceria a uma nova rodada&#8221; de di\u00e1logo.&nbsp;<\/p>\n\n\n\n<p>&#8220;Nunca ser\u00e1 um bom momento para a media\u00e7\u00e3o&#8230; com sequestradores, violadores de direitos humanos, e com uma ditadura&#8221;, disse Guaid\u00f3 a jornalistas na Assembleia Nacional, controlada pela oposi\u00e7\u00e3o e dirigida por ele.&nbsp;<\/p>\n\n\n\n<p>Poucos detalhes foram revelados sobre as negocia\u00e7\u00f5es de Oslo entre os representantes de Maduro e Guaid\u00f3, que se autoproclamou presidente interino e denuncia Maduro como um usurpador ileg\u00edtimo que provocou recess\u00e3o nos \u00faltimos cinco anos.&nbsp;<\/p>\n\n\n\n<p>Os coment\u00e1rios de Guaid\u00f3 ocorrem quando a oposi\u00e7\u00e3o expressa indigna\u00e7\u00e3o diante da morte, na semana passada, do capit\u00e3o da Marinha Rafael Acosta, enquanto estava detido em cust\u00f3dia militar. A esposa do capit\u00e3o e grupos de direitos humanos acusam o governo Maduro de torturar Acosta e de se recusar a esclarecer as circunst\u00e2ncias da morte.&nbsp;<\/p>\n\n\n\n<p>O procurador-chefe da Venezuela acusou, na segunda-feira (1\u00ba), dois oficiais de Intelig\u00eancia de homic\u00eddio em conex\u00e3o com a morte de Acosta, sem explicar como ele teria sido morto.&nbsp;<\/p>\n","protected":false},"excerpt":{"rendered":"<p>O l\u00edder de oposi\u00e7\u00e3o venezuelana Juan Guaid\u00f3 disse nessa ter\u00e7a-feira (2) que &#8220;nunca&#8221; haver\u00e1 um bom momento para negociar com a &#8220;ditadura&#8221; do presidente Nicol\u00e1s&hellip; <\/p>\n","protected":false},"author":1,"featured_media":103189,"comment_status":"closed","ping_status":"closed","sticky":false,"template":"","format":"standard","meta":{"sfsi_plus_gutenberg_text_before_share":"","sfsi_plus_gutenberg_show_text_before_share":"","sfsi_plus_gutenberg_icon_type":"","sfsi_plus_gutenberg_icon_alignemt":"","sfsi_plus_gutenburg_max_per_row":"","footnotes":""},"categories":[11],"tags":[],"class_list":["post-103188","post","type-post","status-publish","format-standard","has-post-thumbnail","hentry","category-politica"],"_links":{"self":[{"href":"https:\/\/www.caririemacao.com\/1\/wp-json\/wp\/v2\/posts\/103188","targetHints":{"allow":["GET"]}}],"collection":[{"href":"https:\/\/www.caririemacao.com\/1\/wp-json\/wp\/v2\/posts"}],"about":[{"href":"https:\/\/www.caririemacao.com\/1\/wp-json\/wp\/v2\/types\/post"}],"author":[{"embeddable":true,"href":"https:\/\/www.caririemacao.com\/1\/wp-json\/wp\/v2\/users\/1"}],"replies":[{"embeddable":true,"href":"https:\/\/www.caririemacao.com\/1\/wp-json\/wp\/v2\/comments?post=103188"}],"version-history":[{"count":1,"href":"https:\/\/www.caririemacao.com\/1\/wp-json\/wp\/v2\/posts\/103188\/revisions"}],"predecessor-version":[{"id":103190,"href":"https:\/\/www.caririemacao.com\/1\/wp-json\/wp\/v2\/posts\/103188\/revisions\/103190"}],"wp:featuredmedia":[{"embeddable":true,"href":"https:\/\/www.caririemacao.com\/1\/wp-json\/wp\/v2\/media\/103189"}],"wp:attachment":[{"href":"https:\/\/www.caririemacao.com\/1\/wp-json\/wp\/v2\/media?parent=103188"}],"wp:term":[{"taxonomy":"category","embeddable":true,"href":"https:\/\/www.caririemacao.com\/1\/wp-json\/wp\/v2\/categories?post=103188"},{"taxonomy":"post_tag","embeddable":true,"href":"https:\/\/www.caririemacao.com\/1\/wp-json\/wp\/v2\/tags?post=103188"}],"curies":[{"name":"wp","href":"https:\/\/api.w.org\/{rel}","templated":true}]}}