{"id":103191,"date":"2019-07-03T08:04:47","date_gmt":"2019-07-03T11:04:47","guid":{"rendered":"http:\/\/www.caririemacao.com\/1\/?p=103191"},"modified":"2019-07-03T08:04:47","modified_gmt":"2019-07-03T11:04:47","slug":"guaido-diz-que-nunca-sera-um-bom-momento-para-negociar-com-maduro-2","status":"publish","type":"post","link":"https:\/\/www.caririemacao.com\/1\/2019\/07\/03\/guaido-diz-que-nunca-sera-um-bom-momento-para-negociar-com-maduro-2\/","title":{"rendered":"Guaid\u00f3 diz que \u201cnunca\u201d ser\u00e1 um bom momento para negociar com Maduro"},"content":{"rendered":"\n<p>A mistura de arte com a linguagem das m\u00eddias sociais aumentou em 60% a visita\u00e7\u00e3o ao Museu Nacional de Belas Artes (MNBA). A exposi\u00e7\u00e3o&nbsp;<em>Hashtags da Arte<\/em>&nbsp;selecionou 40 obras do acervo do museu e marcou cada uma delas com adesivos com palavras-chave usadas em aplicativos (I<em>nstagram, Twitter, Facebook<\/em>) misturadas \u00e0s descri\u00e7\u00f5es das obras. O m\u00e9todo despertou a curiosidade dos jovens pela arte.<\/p>\n\n\n\n<p>A exposi\u00e7\u00e3o foi inaugurada em abril deste ano. Em maio, recebeu 7.188 visitantes contra 4.473 no mesmo per\u00edodo do ano anterior. O sucesso de p\u00fablico levou a dire\u00e7\u00e3o do MNBA a estender a exposi\u00e7\u00e3o at\u00e9 fevereiro de 2020.<\/p>\n\n\n\n<p>\u201cAs pessoas realmente est\u00e3o gostando muito, vendo como uma coisa leve, divertida. Isso \u00e9 muito importante para a gente, para o marketing do Museu de Belas Artes. Nesse sentido, a campanha&nbsp;<em>Hashtags da Arte<\/em>&nbsp;est\u00e1 bastante vitoriosa\u201d, disse \u00e0&nbsp;<strong>Ag\u00eancia Brasil<\/strong>&nbsp;o assessor de Comunica\u00e7\u00e3o Social do MNBA, Nelson Moreira.<\/p>\n\n\n\n<h2 class=\"wp-block-heading\"><strong>Parceria<\/strong><\/h2>\n\n\n\n<p>A campanha&nbsp;<em>Hashtags da Arte<\/em>&nbsp;foi criada pela ag\u00eancia de publicidade NBS. De acordo com pesquisa do Instituto Brasileiro de Museus (Ibram), apenas 15,5% da popula\u00e7\u00e3o do pa\u00eds visitaram museus nos \u00faltimos anos. Em contrapartida, o brasileiro \u00e9 o segundo povo mais conectado do mundo \u00e0&nbsp;<em>internet,<\/em>&nbsp;depois dos chineses, de acordo com dados da consultoria&nbsp;<em>O<\/em><\/p>\n\n\n\n<figure class=\"wp-block-image\"><img decoding=\"async\" data-src=\"http:\/\/imagens.ebc.com.br\/l6PKdiUKnsov7CiSk2Ny79xOsFI=\/754x0\/smart\/http:\/\/agenciabrasil.ebc.com.br\/sites\/default\/files\/thumbnails\/image\/ffraz_abr_02071918080rj.jpg?itok=nUcZ2klj\" alt=\"Exposi\u00e7\u00e3o Hashtags da Arte, no Museu Nacional de Belas Artes, usa palavras-chave da internet em obras do acervo para engajar o p\u00fablico nas redes sociais. \" src=\"data:image\/svg+xml;base64,PHN2ZyB3aWR0aD0iMSIgaGVpZ2h0PSIxIiB4bWxucz0iaHR0cDovL3d3dy53My5vcmcvMjAwMC9zdmciPjwvc3ZnPg==\" class=\"lazyload\" \/><\/figure>\n\n\n\n<p>Exposi\u00e7\u00e3o Hashtags da Arte, no Museu Nacional de Belas Artes, usa palavras-chave da internet em obras do acervo para engajar o p\u00fablico nas redes sociais. &#8211;&nbsp;<strong>Fernando Fraz\u00e3o\/Ag\u00eancia Brasil<\/strong><\/p>\n\n\n\n<p>O assessor do MNBA afirmou que a exposi\u00e7\u00e3o cumpriu sua miss\u00e3o de atrair um p\u00fablico novo, formado por jovens cada vez mais conectados \u00e0s redes sociais.<\/p>\n\n\n\n<p>Um exemplo \u00e9 o quadro datado de 1817 que mostra&nbsp;Dom&nbsp;Jo\u00e3o VI posando com seu traje bordado a ouro, que ganhou as&nbsp;<em>hashtags #lookdodia<\/em>,&nbsp;<em>#reidocamarote e<\/em>&nbsp;<em>#ostenta\u00e7\u00e3o<\/em>, entre outras.<\/p>\n\n\n\n<p>&#8220;Esse era o objetivo desse esfor\u00e7o. O que a gente nota \u00e9 que o p\u00fablico jovem continua afluindo em grande n\u00famero. Isso \u00e9 muito bom para a gente, porque uma das principais metas de um museu \u00e9 realmente n\u00e3o s\u00f3 manter o p\u00fablico, mas tamb\u00e9m procurar a renova\u00e7\u00e3o desse p\u00fablico. Isso, para a gente, encaixou como uma luva nesse esfor\u00e7o da diretora M\u00f4nica Xex\u00e9u&#8221;, comentou Moreira.<\/p>\n\n\n\n<h2 class=\"wp-block-heading\"><strong>Maior leveza<\/strong><\/h2>\n\n\n\n<p>A exposi\u00e7\u00e3o&nbsp;<em>Hashtags da Arte<\/em>&nbsp;abrange 40 obras cl\u00e1ssicas do acervo do MNBA. Moreira n\u00e3o descartou que as&nbsp;<em>hashtags<\/em>possam ser colocadas em outros itens do acervo do museu, que re\u00fane mais de 70 mil pe\u00e7as, entre pinturas, esculturas, arte sobre papel, instala\u00e7\u00f5es. &#8220;\u00c9 uma infinidade de itens, e a ideia \u00e9 que a gente possa fazer as pessoas contemplarem outras gamas do nosso acervo&#8221;.<\/p>\n\n\n\n<p>O assessor de Comunica\u00e7\u00e3o Social do MNBA revelou que uma cena que j\u00e1 se tornou comum nos \u00faltimos meses \u00e9 notar que as pessoas est\u00e3o rindo, alegres, descontra\u00eddas, relaxadas diante das telas que est\u00e3o com adesivos colocados. &#8220;Esse \u00e9 um retrato dessa mudan\u00e7a de comportamento&#8221;, explicou.<\/p>\n\n\n\n<h2 class=\"wp-block-heading\"><strong>O in\u00edcio de tudo<\/strong><\/h2>\n\n\n\n<p>O redator criativo da ag\u00eancia NBS, Leonardo Konjedic, \u00e9 o idealizador da campanha. A ideia ocorreu quando ele e o diretor de Arte da NBS, Roberto Ulhoa, que tamb\u00e9m pinta quadros, visitavam o museu, no ano passado.<\/p>\n\n\n\n<p>&#8220;Chamou a nossa aten\u00e7\u00e3o a repeti\u00e7\u00e3o de comportamento do que acontece no&nbsp;<em>Instagram<\/em>&nbsp;e do que o museu estava mostrando nas paredes&#8221;. As pinturas eram o&nbsp;<em>Instagram<\/em>&nbsp;de antigamente, destacou Leonardo Konjedic.<\/p>\n\n\n\n<p>Como uma brincadeira, os dois profissionais come\u00e7aram a definir paralelos entre os tipos de fotos que as pessoas postam no&nbsp;<em>Instagram<\/em>&nbsp;com o tipo de pinturas que o MNBA exibia.<\/p>\n\n\n\n<p>&#8220;Aquilo deu um estalo na gente e, com o tempo, a gente foi amadurecendo a quest\u00e3o da&nbsp;<em>hashtag<\/em>. Nasceu como uma brincadeira quase e foi ganhando seriedade de assumir o compromisso de&nbsp;ter&nbsp;um jeito mais acess\u00edvel e simples de explicar \u00e0s pessoas o que elas entendem como complexo, que \u00e9 a arte&#8221;, descreveu Konjedic.<\/p>\n\n\n\n<p>&#8220;Acho que foi uma coisa bem despretensiosa, mas que ganhou um tamanho e uma import\u00e2ncia legais. Ficou al\u00e9m da brincadeira e, no final, o resultado foi muito bacana, tanto para n\u00f3s, da NBS, quanto para o MNBA, como cliente&#8221;.<\/p>\n\n\n\n<h2 class=\"wp-block-heading\"><strong>Contextualiza\u00e7\u00e3o<\/strong><\/h2>\n\n\n\n<p>A ideia surgiu em outubro de 2018 e a primeira reuni\u00e3o com o museu ocorreu em dezembro. Seguiram-se outras reuni\u00f5es com a diretoria e a \u00e1rea t\u00e9cnica, para que as&nbsp;<em>hashtags<\/em>&nbsp;pudessem contextualizar as obras.<\/p>\n\n\n\n<p>&#8220;Desde a primeira reuni\u00e3o, eles foram super receptivos&#8221;. A ideia publicit\u00e1ria invadiu o museu, fazendo uma mistura entre o antigo e o novo.<\/p>\n\n\n\n<p>A exposi\u00e7\u00e3o teve in\u00edcio em abril de 2019.&nbsp;<em>Banners<\/em>&nbsp;foram colocados na fachada do pr\u00e9dio do museu, acompanhados de texto explicativo sobre a raz\u00e3o da exposi\u00e7\u00e3o.<\/p>\n\n\n\n<figure class=\"wp-block-image\"><img decoding=\"async\" data-src=\"http:\/\/imagens.ebc.com.br\/kP8NUm4bh-1BpAT6Gmvr3vqnmCc=\/754x0\/smart\/http:\/\/agenciabrasil.ebc.com.br\/sites\/default\/files\/thumbnails\/image\/ffraz_abr_02071918076rj.jpg?itok=tIIHM3Hu\" alt=\"Exposi\u00e7\u00e3o Hashtags da Arte, no Museu Nacional de Belas Artes, usa palavras-chave da internet em obras do acervo para engajar o p\u00fablico nas redes sociais. \" src=\"data:image\/svg+xml;base64,PHN2ZyB3aWR0aD0iMSIgaGVpZ2h0PSIxIiB4bWxucz0iaHR0cDovL3d3dy53My5vcmcvMjAwMC9zdmciPjwvc3ZnPg==\" class=\"lazyload\" \/><\/figure>\n\n\n\n<p>Exposi\u00e7\u00e3o Hashtags da Arte, no Museu Nacional de Belas Artes, usa palavras-chave da internet em obras do acervo para engajar o p\u00fablico nas redes sociais. &#8211;&nbsp;<strong>Fernando Fraz\u00e3o\/Ag\u00eancia Brasil<\/strong><\/p>\n\n\n\n<p>Os coment\u00e1rios foram sempre positivos para a linguagem adotada na tradu\u00e7\u00e3o da hist\u00f3ria das obras de arte expostas nas paredes do MNBA de um jeito divertido e verdadeiro, disse o criador do projeto.<\/p>\n\n\n\n<p>Para Leonardo Konjedic, interven\u00e7\u00f5es como a da exposi\u00e7\u00e3o&nbsp;<em>Hashtags da Arte<\/em>tornam a arte mais acess\u00edvel e democr\u00e1tica. A&nbsp;<a href=\"https:\/\/www.instagram.com\/mnbario\/\" target=\"_blank\" rel=\"noreferrer noopener\">p\u00e1gina oficial do museu<\/a>&nbsp;no Instagram, que tamb\u00e9m reproduz a linguagem em&nbsp;<em>hashtags<\/em>&nbsp;da mostra, registrou incremento de cerca de 150% na base de seguidores do perfil.<\/p>\n\n\n\n<p>A exposi\u00e7\u00e3o&nbsp;<em>Hashtags da Arte<\/em>&nbsp;pode ser visitada pelo p\u00fablico de&nbsp;ter\u00e7a a&nbsp;sexta-feira, no hor\u00e1rio das 10h \u00e0s 18h, e aos s\u00e1bados, domingos e feriados, das 13h \u00e0s 18h. Os ingressos custam R$ 4 (meia-entrada) a R$ 8 (entrada inteira). Aos domingos, a entrada \u00e9 gratuita.<\/p>\n","protected":false},"excerpt":{"rendered":"<p>A mistura de arte com a linguagem das m\u00eddias sociais aumentou em 60% a visita\u00e7\u00e3o ao Museu Nacional de Belas Artes (MNBA). A exposi\u00e7\u00e3o&nbsp;Hashtags da&hellip; <\/p>\n","protected":false},"author":1,"featured_media":103192,"comment_status":"closed","ping_status":"closed","sticky":false,"template":"","format":"standard","meta":{"sfsi_plus_gutenberg_text_before_share":"","sfsi_plus_gutenberg_show_text_before_share":"","sfsi_plus_gutenberg_icon_type":"","sfsi_plus_gutenberg_icon_alignemt":"","sfsi_plus_gutenburg_max_per_row":"","footnotes":""},"categories":[11],"tags":[],"class_list":["post-103191","post","type-post","status-publish","format-standard","has-post-thumbnail","hentry","category-politica"],"_links":{"self":[{"href":"https:\/\/www.caririemacao.com\/1\/wp-json\/wp\/v2\/posts\/103191","targetHints":{"allow":["GET"]}}],"collection":[{"href":"https:\/\/www.caririemacao.com\/1\/wp-json\/wp\/v2\/posts"}],"about":[{"href":"https:\/\/www.caririemacao.com\/1\/wp-json\/wp\/v2\/types\/post"}],"author":[{"embeddable":true,"href":"https:\/\/www.caririemacao.com\/1\/wp-json\/wp\/v2\/users\/1"}],"replies":[{"embeddable":true,"href":"https:\/\/www.caririemacao.com\/1\/wp-json\/wp\/v2\/comments?post=103191"}],"version-history":[{"count":1,"href":"https:\/\/www.caririemacao.com\/1\/wp-json\/wp\/v2\/posts\/103191\/revisions"}],"predecessor-version":[{"id":103193,"href":"https:\/\/www.caririemacao.com\/1\/wp-json\/wp\/v2\/posts\/103191\/revisions\/103193"}],"wp:featuredmedia":[{"embeddable":true,"href":"https:\/\/www.caririemacao.com\/1\/wp-json\/wp\/v2\/media\/103192"}],"wp:attachment":[{"href":"https:\/\/www.caririemacao.com\/1\/wp-json\/wp\/v2\/media?parent=103191"}],"wp:term":[{"taxonomy":"category","embeddable":true,"href":"https:\/\/www.caririemacao.com\/1\/wp-json\/wp\/v2\/categories?post=103191"},{"taxonomy":"post_tag","embeddable":true,"href":"https:\/\/www.caririemacao.com\/1\/wp-json\/wp\/v2\/tags?post=103191"}],"curies":[{"name":"wp","href":"https:\/\/api.w.org\/{rel}","templated":true}]}}