{"id":103203,"date":"2019-07-03T08:24:28","date_gmt":"2019-07-03T11:24:28","guid":{"rendered":"http:\/\/www.caririemacao.com\/1\/?p=103203"},"modified":"2019-07-03T08:24:28","modified_gmt":"2019-07-03T11:24:28","slug":"apresentadora-de-tv-chama-a-policia-em-gravacao-apos-ameaca-de-convidado","status":"publish","type":"post","link":"https:\/\/www.caririemacao.com\/1\/2019\/07\/03\/apresentadora-de-tv-chama-a-policia-em-gravacao-apos-ameaca-de-convidado\/","title":{"rendered":"Apresentadora de TV chama a pol\u00edcia em grava\u00e7\u00e3o ap\u00f3s amea\u00e7a de convidado"},"content":{"rendered":"\n<p>Famoso por abordar assuntos pol\u00eamicos e mostrar muita discuss\u00e3o entre os participantes, o programa Casos de Fam\u00edlia (SBT) atingiu um novo patamar de tens\u00e3o no epis\u00f3dio que foi ao ar nesta segunda-feira (1\u00ba), quando a apresentadora Christina Rocha, 62, chegou a acionar a pol\u00edcia.<\/p>\n\n\n\n<p>\u201cComo \u00e9 que a gente faz quando tem aqui no programa um agressor de mulher que fala literalmente que bate nela e vai bater nela depois que sair do programa. Tem como algu\u00e9m vir aqui pra prender esse cara?\u201d, perguntou Rocha ao ligar para o 180 (Central de Atendimento \u00e0 Mulher) ainda no palco.<\/p>\n\n\n\n<p>O programa abordava casos de viol\u00eancia dom\u00e9stica, e um convidado confirmou que j\u00e1 havia agredido mulher e que a agrediria novamente.<\/p>\n\n\n\n<p>\u201cO m\u00e1ximo que eu fa\u00e7o \u00e9 pegar no seu pesco\u00e7o e te jogar na cama\u201d, afirmou ele em um momento. \u201cBato de novo, coloco a m\u00e3o mesmo\u201d, tamb\u00e9m falou.<\/p>\n\n\n\n<p>Diante da amea\u00e7a de novas agress\u00f5es \u00e0 mulher, a apresentadora interrompeu as grava\u00e7\u00f5es e ligou para a pol\u00edcia, mas a cena dela falando com o atendimento 180 n\u00e3o chegou a ser veiculada no Casos de Fam\u00edlia desta segunda, apenas na chamada do programa.<\/p>\n\n\n\n<p>Segundo o SBT, a mulher do suposto agressor, ao perceber que a PM iria at\u00e9 a emissora, afirmou que n\u00e3o registraria boletim de ocorr\u00eancia e que n\u00e3o gostaria de ficar sem o marido, pois o ama.<\/p>\n\n\n\n<p>Posteriormente o homem disse que tentar\u00e1 mudar sua atitude. \u201cVou tentar parar, vou tentar mudar com ela\u201d, disse.<\/p>\n","protected":false},"excerpt":{"rendered":"<p>Famoso por abordar assuntos pol\u00eamicos e mostrar muita discuss\u00e3o entre os participantes, o programa Casos de Fam\u00edlia (SBT) atingiu um novo patamar de tens\u00e3o no&hellip; <\/p>\n","protected":false},"author":1,"featured_media":103204,"comment_status":"closed","ping_status":"closed","sticky":false,"template":"","format":"standard","meta":{"sfsi_plus_gutenberg_text_before_share":"","sfsi_plus_gutenberg_show_text_before_share":"","sfsi_plus_gutenberg_icon_type":"","sfsi_plus_gutenberg_icon_alignemt":"","sfsi_plus_gutenburg_max_per_row":"","footnotes":""},"categories":[2],"tags":[],"class_list":["post-103203","post","type-post","status-publish","format-standard","has-post-thumbnail","hentry","category-geral"],"_links":{"self":[{"href":"https:\/\/www.caririemacao.com\/1\/wp-json\/wp\/v2\/posts\/103203","targetHints":{"allow":["GET"]}}],"collection":[{"href":"https:\/\/www.caririemacao.com\/1\/wp-json\/wp\/v2\/posts"}],"about":[{"href":"https:\/\/www.caririemacao.com\/1\/wp-json\/wp\/v2\/types\/post"}],"author":[{"embeddable":true,"href":"https:\/\/www.caririemacao.com\/1\/wp-json\/wp\/v2\/users\/1"}],"replies":[{"embeddable":true,"href":"https:\/\/www.caririemacao.com\/1\/wp-json\/wp\/v2\/comments?post=103203"}],"version-history":[{"count":1,"href":"https:\/\/www.caririemacao.com\/1\/wp-json\/wp\/v2\/posts\/103203\/revisions"}],"predecessor-version":[{"id":103205,"href":"https:\/\/www.caririemacao.com\/1\/wp-json\/wp\/v2\/posts\/103203\/revisions\/103205"}],"wp:featuredmedia":[{"embeddable":true,"href":"https:\/\/www.caririemacao.com\/1\/wp-json\/wp\/v2\/media\/103204"}],"wp:attachment":[{"href":"https:\/\/www.caririemacao.com\/1\/wp-json\/wp\/v2\/media?parent=103203"}],"wp:term":[{"taxonomy":"category","embeddable":true,"href":"https:\/\/www.caririemacao.com\/1\/wp-json\/wp\/v2\/categories?post=103203"},{"taxonomy":"post_tag","embeddable":true,"href":"https:\/\/www.caririemacao.com\/1\/wp-json\/wp\/v2\/tags?post=103203"}],"curies":[{"name":"wp","href":"https:\/\/api.w.org\/{rel}","templated":true}]}}