{"id":103216,"date":"2019-07-03T09:24:09","date_gmt":"2019-07-03T12:24:09","guid":{"rendered":"http:\/\/www.caririemacao.com\/1\/?p=103216"},"modified":"2019-07-03T09:24:09","modified_gmt":"2019-07-03T12:24:09","slug":"braulio-bessa-enfatiza-importancia-de-trazer-visibilidade-para-a-cultura-nordestina","status":"publish","type":"post","link":"https:\/\/www.caririemacao.com\/1\/2019\/07\/03\/braulio-bessa-enfatiza-importancia-de-trazer-visibilidade-para-a-cultura-nordestina\/","title":{"rendered":"Br\u00e1ulio Bessa enfatiza import\u00e2ncia de trazer visibilidade para a cultura nordestina"},"content":{"rendered":"\n<p>Br\u00e1ulio Bessa, que esteve presente pelo quinto ano consecutivo n\u2019O Maior S\u00e3o Jo\u00e3o do Mundo, em entrevista, ressaltou a import\u00e2ncia dos festejos juninos no fortalecimento e na valoriza\u00e7\u00e3o da cultura nordestina, e afirmou que o S\u00e3o Jo\u00e3o \u00e9 um s\u00edmbolo que mistura a culin\u00e1ria, o teatro e a m\u00fasica, e tratar-se do cart\u00e3o de visita do povo nordestino.<\/p>\n\n\n\n<p>Al\u00e9m disso, o poeta que atua como consultor de cultura nordestina, no programa Encontro com F\u00e1tima Bernardes, explicou que no ano de 2011, ele viu a necessidade de elevar a cultura nordestina, e por isso come\u00e7ou a divulgar o seu trabalho nas plataformas digitais.<\/p>\n\n\n\n<figure class=\"wp-block-image\"><img decoding=\"async\" data-src=\"https:\/\/paraibaonline.com.br\/wp-content\/uploads\/2018\/07\/braulio-bessa1.jpg\" alt=\"Foto: Codecom\/CG\" class=\"wp-image-430528 lazyload\" src=\"data:image\/svg+xml;base64,PHN2ZyB3aWR0aD0iMSIgaGVpZ2h0PSIxIiB4bWxucz0iaHR0cDovL3d3dy53My5vcmcvMjAwMC9zdmciPjwvc3ZnPg==\" \/><\/figure>\n\n\n\n<p>Foto: Codecom-CG\/Arquivo<\/p>\n\n\n\n<p>\u2013 Eu sou de um lugar, de uma cidade muito pequena do interior do Cear\u00e1, de 18 mil habitantes. Eu escrevo literatura de cordel desde os 14 anos de idade e me enxergo como um ativista sim, por ser mais um lutador, algu\u00e9m que acredita que a gente tem muita coisa de valor para ser mostrada e que precisa ser visto. A gente tem que inventar, o nosso povo \u00e9 muito criativo, muito atrevido \u2013 ressaltou.<\/p>\n\n\n\n<p>O cordelista ainda pontuou sobre a import\u00e2ncia de representar a cultura nordestina em rede nacional e explicou que o povo do Nordeste precisa se sentir representado em todas as \u00e1reas, pois se trata de um povo muito rico de intelig\u00eancia e cultura.<\/p>\n","protected":false},"excerpt":{"rendered":"<p>Br\u00e1ulio Bessa, que esteve presente pelo quinto ano consecutivo n\u2019O Maior S\u00e3o Jo\u00e3o do Mundo, em entrevista, ressaltou a import\u00e2ncia dos festejos juninos no fortalecimento&hellip; <\/p>\n","protected":false},"author":1,"featured_media":68335,"comment_status":"closed","ping_status":"closed","sticky":false,"template":"","format":"standard","meta":{"sfsi_plus_gutenberg_text_before_share":"","sfsi_plus_gutenberg_show_text_before_share":"","sfsi_plus_gutenberg_icon_type":"","sfsi_plus_gutenberg_icon_alignemt":"","sfsi_plus_gutenburg_max_per_row":"","footnotes":""},"categories":[2],"tags":[],"class_list":["post-103216","post","type-post","status-publish","format-standard","has-post-thumbnail","hentry","category-geral"],"_links":{"self":[{"href":"https:\/\/www.caririemacao.com\/1\/wp-json\/wp\/v2\/posts\/103216","targetHints":{"allow":["GET"]}}],"collection":[{"href":"https:\/\/www.caririemacao.com\/1\/wp-json\/wp\/v2\/posts"}],"about":[{"href":"https:\/\/www.caririemacao.com\/1\/wp-json\/wp\/v2\/types\/post"}],"author":[{"embeddable":true,"href":"https:\/\/www.caririemacao.com\/1\/wp-json\/wp\/v2\/users\/1"}],"replies":[{"embeddable":true,"href":"https:\/\/www.caririemacao.com\/1\/wp-json\/wp\/v2\/comments?post=103216"}],"version-history":[{"count":1,"href":"https:\/\/www.caririemacao.com\/1\/wp-json\/wp\/v2\/posts\/103216\/revisions"}],"predecessor-version":[{"id":103217,"href":"https:\/\/www.caririemacao.com\/1\/wp-json\/wp\/v2\/posts\/103216\/revisions\/103217"}],"wp:featuredmedia":[{"embeddable":true,"href":"https:\/\/www.caririemacao.com\/1\/wp-json\/wp\/v2\/media\/68335"}],"wp:attachment":[{"href":"https:\/\/www.caririemacao.com\/1\/wp-json\/wp\/v2\/media?parent=103216"}],"wp:term":[{"taxonomy":"category","embeddable":true,"href":"https:\/\/www.caririemacao.com\/1\/wp-json\/wp\/v2\/categories?post=103216"},{"taxonomy":"post_tag","embeddable":true,"href":"https:\/\/www.caririemacao.com\/1\/wp-json\/wp\/v2\/tags?post=103216"}],"curies":[{"name":"wp","href":"https:\/\/api.w.org\/{rel}","templated":true}]}}