{"id":103219,"date":"2019-07-03T09:28:38","date_gmt":"2019-07-03T12:28:38","guid":{"rendered":"http:\/\/www.caririemacao.com\/1\/?p=103219"},"modified":"2019-07-03T09:36:55","modified_gmt":"2019-07-03T12:36:55","slug":"enem-esta-pronto-e-devera-ser-impresso-ate-o-dia-17","status":"publish","type":"post","link":"https:\/\/www.caririemacao.com\/1\/2019\/07\/03\/enem-esta-pronto-e-devera-ser-impresso-ate-o-dia-17\/","title":{"rendered":"Enem est\u00e1 pronto e dever\u00e1 ser impresso at\u00e9 o dia 17"},"content":{"rendered":"\n<p>As provas do Exame Nacional do Ensino M\u00e9dio (Enem) j\u00e1 est\u00e3o prontas e se encontram na gr\u00e1fica para diagrama\u00e7\u00e3o e impress\u00e3o. Segundo o presidente substituto do Instituto Nacional de Estudos e Pesquisas Educacionais An\u00edsio Teixeira (Inep), Camilo Mussi, a autarquia entregou a m\u00eddia com as quest\u00f5es na \u00faltima sexta-feira (28), antecipando o cronograma, que previa o envio apenas na segunda-feira (1\u00ba).<\/p>\n\n\n\n<p>\u201cEstamos tr\u00eas dias antecipados e estamos mantendo o cronograma\u201d, afirmou ontem (2) a parlamentares em audi\u00eancia p\u00fablica na Comiss\u00e3o Externa &#8211; Minist\u00e9rio da Educa\u00e7\u00e3o na C\u00e2mara dos Deputados. \u201cO cronograma est\u00e1 mantido e a prova est\u00e1 mantida\u201d, assegurou.<\/p>\n\n\n\n<p>Mussi foi convocado para prestar esclarecimentos sobre o andamento e a seguran\u00e7a do exame deste ano. Segundo ele, toda a seguran\u00e7a est\u00e1 garantida. Substitui\u00e7\u00f5es no Inep e a decreta\u00e7\u00e3o de fal\u00eancia da empresa RR Donnelley, que era detentora do contrato para a impress\u00e3o do Enem, causaram inseguran\u00e7a sobre a realiza\u00e7\u00e3o do exame. A gr\u00e1fica foi substitu\u00edda pela Valid S.A., a segunda colocada na licita\u00e7\u00e3o realizada em 2016,&nbsp; garantindo a impress\u00e3o das provas.<\/p>\n\n\n\n<p>\u201cNa semana passada, a Pol\u00edcia Federal esteve na gr\u00e1fica, como faz todos os anos, na quinta e na sexta\u201d, diz. \u201cA PF verificou a \u00e1rea de diagrama\u00e7\u00e3o e impress\u00e3o e deu o ok. Na sexta, fizemos outra visita, e a seguran\u00e7a da gr\u00e1fica foi confirmada.\u201d<\/p>\n\n\n\n<p>De acordo com Mussi, todos que t\u00eam algum contato com as quest\u00f5es da prova, desde servidores do Inep at\u00e9 funcion\u00e1rios da gr\u00e1fica, assinam um termo de sigilo que tem cl\u00e1usulas penais, o que permite \u201cque o Inep, ocorrendo um vazamento, possa puni-los de acordo com o C\u00f3digo Penal\u201d.<\/p>\n\n\n\n<p>Mussi ressaltou ainda que nos dias da aplica\u00e7\u00e3o do exame a seguran\u00e7a ser\u00e1 refor\u00e7ada. Todos os banheiros ter\u00e3o detectores de metal, o que antes ocorria apenas em alguns locais. Al\u00e9m disso, ser\u00e3o eliminados os candidatos cujos celulares tocarem durante a aplica\u00e7\u00e3o do exame, at\u00e9 mesmo aqueles cujos aparelhos tocarem o alarme. \u201cO celular que tocar eliminar\u00e1 o candidato, at\u00e9 mesmo o alarme, o que \u00e9 novidade este ano. Antes, tocava o alarme e n\u00e3o eliminava, neste ano, come\u00e7a a elimina\u00e7\u00e3o por qualquer que seja o toque\u201d, alerta.<\/p>\n\n\n\n<p>Pelo cronograma, as provas ser\u00e3o impressas at\u00e9 o dia 17 deste m\u00eas. A partir do dia 24, come\u00e7ar\u00e3o a ser expedidas e armazenadas para, a partir do dia 3 de outubro, serem distribu\u00eddas.<\/p>\n\n\n\n<p><strong>Novo Enem<\/strong><\/p>\n\n\n\n<p>Outro assunto abordado na audi\u00eancia p\u00fablica foram as mudan\u00e7as que ter\u00e3o que ser feitas no exame para adequ\u00e1-lo ao Novo Ensino M\u00e9dio, sancionado em 2017. Parte do curr\u00edculo da etapa de ensino dever\u00e1 ser destinada a uma forma\u00e7\u00e3o comum a todos os estudantes do Brasil, definido pela chamada Base Nacional Comum Curricular, e parte dever\u00e1 ser destinada a uma forma\u00e7\u00e3o espec\u00edfica que poder\u00e1 ser escolhida pelo estudante. O Enem ter\u00e1, portanto, que avaliar essa nova forma\u00e7\u00e3o, que ainda est\u00e1 em fase de implementa\u00e7\u00e3o.<\/p>\n\n\n\n<p>Segundo Mussi, as mudan\u00e7as dever\u00e3o ocorrer no exame de 2021. \u201cJ\u00e1 estamos adaptando as matrizes de refer\u00eancia do Enem. Isso est\u00e1 sendo estudado pelo Inep para 2021. Em 2019 e 2020, [o Enem] ainda continuar\u00e1 nos mesmos moldes de 2018\u201d, diz.<\/p>\n\n\n\n<p><strong>Enem 2019<\/strong><\/p>\n\n\n\n<p>As provas do Enem ser\u00e3o aplicadas em dois domingos \u2013 dias 3 e 10 de novembro. Quem j\u00e1 concluiu o ensino m\u00e9dio ou vai concluir este ano pode usar as notas do Enem para se inscrever no Sistema de Sele\u00e7\u00e3o Unificada (Sisu), que oferece vagas em institui\u00e7\u00f5es p\u00fablicas de ensino superior, no Programa Universidade para Todos (ProUni), e bolsas de estudo em institui\u00e7\u00f5es privadas de ensino superior, ou no Fundo de Financiamento Estudantil (Fies).<\/p>\n\n\n\n<p>De acordo com o Inep, o Enem tem 5,1 milh\u00f5es de participantes confirmados.<\/p>\n","protected":false},"excerpt":{"rendered":"<p>As provas do Exame Nacional do Ensino M\u00e9dio (Enem) j\u00e1 est\u00e3o prontas e se encontram na gr\u00e1fica para diagrama\u00e7\u00e3o e impress\u00e3o. Segundo o presidente substituto&hellip; <\/p>\n","protected":false},"author":1,"featured_media":97668,"comment_status":"closed","ping_status":"closed","sticky":false,"template":"","format":"standard","meta":{"sfsi_plus_gutenberg_text_before_share":"","sfsi_plus_gutenberg_show_text_before_share":"","sfsi_plus_gutenberg_icon_type":"","sfsi_plus_gutenberg_icon_alignemt":"","sfsi_plus_gutenburg_max_per_row":"","footnotes":""},"categories":[2],"tags":[],"class_list":["post-103219","post","type-post","status-publish","format-standard","has-post-thumbnail","hentry","category-geral"],"_links":{"self":[{"href":"https:\/\/www.caririemacao.com\/1\/wp-json\/wp\/v2\/posts\/103219","targetHints":{"allow":["GET"]}}],"collection":[{"href":"https:\/\/www.caririemacao.com\/1\/wp-json\/wp\/v2\/posts"}],"about":[{"href":"https:\/\/www.caririemacao.com\/1\/wp-json\/wp\/v2\/types\/post"}],"author":[{"embeddable":true,"href":"https:\/\/www.caririemacao.com\/1\/wp-json\/wp\/v2\/users\/1"}],"replies":[{"embeddable":true,"href":"https:\/\/www.caririemacao.com\/1\/wp-json\/wp\/v2\/comments?post=103219"}],"version-history":[{"count":1,"href":"https:\/\/www.caririemacao.com\/1\/wp-json\/wp\/v2\/posts\/103219\/revisions"}],"predecessor-version":[{"id":103220,"href":"https:\/\/www.caririemacao.com\/1\/wp-json\/wp\/v2\/posts\/103219\/revisions\/103220"}],"wp:featuredmedia":[{"embeddable":true,"href":"https:\/\/www.caririemacao.com\/1\/wp-json\/wp\/v2\/media\/97668"}],"wp:attachment":[{"href":"https:\/\/www.caririemacao.com\/1\/wp-json\/wp\/v2\/media?parent=103219"}],"wp:term":[{"taxonomy":"category","embeddable":true,"href":"https:\/\/www.caririemacao.com\/1\/wp-json\/wp\/v2\/categories?post=103219"},{"taxonomy":"post_tag","embeddable":true,"href":"https:\/\/www.caririemacao.com\/1\/wp-json\/wp\/v2\/tags?post=103219"}],"curies":[{"name":"wp","href":"https:\/\/api.w.org\/{rel}","templated":true}]}}