{"id":103233,"date":"2019-07-03T09:56:20","date_gmt":"2019-07-03T12:56:20","guid":{"rendered":"http:\/\/www.caririemacao.com\/1\/?p=103233"},"modified":"2019-07-03T09:56:20","modified_gmt":"2019-07-03T12:56:20","slug":"soldado-da-aeronautica-grava-video-fumando-e-chama-fab-de-forca-aerea-da-biqueira-em-sp","status":"publish","type":"post","link":"https:\/\/www.caririemacao.com\/1\/2019\/07\/03\/soldado-da-aeronautica-grava-video-fumando-e-chama-fab-de-forca-aerea-da-biqueira-em-sp\/","title":{"rendered":"Soldado da Aeron\u00e1utica grava v\u00eddeo fumando e chama FAB de &#8216;For\u00e7a A\u00e9rea da Biqueira&#8217; em SP"},"content":{"rendered":"\n<p>Um soldado da Aeron\u00e1utica gravou um v\u00eddeo fumando e postou uma foto em seu Instagram chamando a For\u00e7a A\u00e9rea Brasileira (FAB) de For\u00e7a A\u00e9rea da Biqueira. Tudo ocorreu dentro da base a\u00e9rea de S\u00e3o Paulo, em Guarulhos, cidade da Regi\u00e3o Metropolitana (veja acima).<\/p>\n\n\n\n<p>Na g\u00edria dos criminosos, biqueira \u00e9 o nome dado ao lugar onde drogas s\u00e3o vendidas. As cenas acima foram compartilhadas. Elas circulam pelo WhatsApp cerca de uma semana depois que um sargento da FAB foi preso com coca\u00edna num avi\u00e3o presidencial brasileiro na Espanha.<\/p>\n\n\n\n<p>As imagens feitas pelo celular do jovem soldado mostram que ele est\u00e1 cercado por outros militares enquanto traga um cigarro. Todos est\u00e3o sentados numa arquibancada e usam o uniforme de educa\u00e7\u00e3o f\u00edsica da FAB. Eles d\u00e3o risadas vendo o colega fazer chacota com a institui\u00e7\u00e3o.<\/p>\n\n\n\n<p>O caso foi investigado pelo setor de intelig\u00eancia da FAB, que identificou o jovem e informou que ele fez as imagens em junho enquanto ainda era militar.<\/p>\n\n\n\n<p>De acordo com a assessoria de imprensa da Aeron\u00e1utica, diante da suspeita de que o cigarro que aparece no v\u00eddeo pudesse ser droga, foi feita uma an\u00e1lise que descartou essa possibilidade.<\/p>\n\n\n\n<p>\u201cHouve tamb\u00e9m por parte da unidade que servia um levantamento e usaram m\u00e9todos para verificar se era de fato a maconha, identificou que n\u00e3o era maconha. Era um cigarro de palha. N\u00e3o era entorpecente\u201d, falou nesta ter\u00e7a-feira (2) ao G1 o major Daniel Rodrigues Oliveira, chefe da assessoria de imprensa da FAB no Brasil.<br>Ainda segundo o oficial, o soldado deu baixa no servi\u00e7o militar obrigat\u00f3rio tempor\u00e1rio na \u00faltima-sexta-feira (28). A FAB n\u00e3o divulgou o nome completo do ex-soldado alegando que ele n\u00e3o faz mais parte dos quadros da Aeron\u00e1utica.<\/p>\n\n\n\n<p><strong>Os militares<\/strong><\/p>\n\n\n\n<p>Questionada pela reportagem, a Aeron\u00e1utica n\u00e3o havia informado at\u00e9 o fechamento desta mat\u00e9ria se iria tomar alguma medida para punir o jovem pelas publica\u00e7\u00f5es que ca\u00e7oam da institui\u00e7\u00e3o.<\/p>\n\n\n\n<p>A assessoria da FAB informou, por\u00e9m, que os outros outros militares que aparecem nas imagens foram identificados e tamb\u00e9m j\u00e1 deram baixa, n\u00e3o fazendo mais parte da Aerona\u00fatica. A comunica\u00e7\u00e3o iria checar se tamb\u00e9m seriam tomadas medidas contras eles por terem ca\u00e7oado da institui\u00e7\u00e3o no v\u00eddeo.<\/p>\n\n\n\n<p>No C\u00f3digo Penal Militar (CPM), h\u00e1 artigos que punem com infra\u00e7\u00e3o disciplinar os militares que fazem chacota da Aeron\u00e1utica.<\/p>\n\n\n\n<p>Como a reportagem n\u00e3o conseguiu localizar os rapazes que est\u00e3o nas filmagens, decidiu borrar seus rostos ao exibir o v\u00eddeo.<\/p>\n\n\n\n<p>Na grava\u00e7\u00e3o original, por exemplo, aparece o primeiro nome do soldado que fuma, mas ele foi suprimido na edi\u00e7\u00e3o porque tamb\u00e9m n\u00e3o foi encontrado para falar.<\/p>\n","protected":false},"excerpt":{"rendered":"<p>Um soldado da Aeron\u00e1utica gravou um v\u00eddeo fumando e postou uma foto em seu Instagram chamando a For\u00e7a A\u00e9rea Brasileira (FAB) de For\u00e7a A\u00e9rea da&hellip; <\/p>\n","protected":false},"author":1,"featured_media":103234,"comment_status":"closed","ping_status":"closed","sticky":false,"template":"","format":"standard","meta":{"sfsi_plus_gutenberg_text_before_share":"","sfsi_plus_gutenberg_show_text_before_share":"","sfsi_plus_gutenberg_icon_type":"","sfsi_plus_gutenberg_icon_alignemt":"","sfsi_plus_gutenburg_max_per_row":"","footnotes":""},"categories":[2],"tags":[],"class_list":["post-103233","post","type-post","status-publish","format-standard","has-post-thumbnail","hentry","category-geral"],"_links":{"self":[{"href":"https:\/\/www.caririemacao.com\/1\/wp-json\/wp\/v2\/posts\/103233","targetHints":{"allow":["GET"]}}],"collection":[{"href":"https:\/\/www.caririemacao.com\/1\/wp-json\/wp\/v2\/posts"}],"about":[{"href":"https:\/\/www.caririemacao.com\/1\/wp-json\/wp\/v2\/types\/post"}],"author":[{"embeddable":true,"href":"https:\/\/www.caririemacao.com\/1\/wp-json\/wp\/v2\/users\/1"}],"replies":[{"embeddable":true,"href":"https:\/\/www.caririemacao.com\/1\/wp-json\/wp\/v2\/comments?post=103233"}],"version-history":[{"count":1,"href":"https:\/\/www.caririemacao.com\/1\/wp-json\/wp\/v2\/posts\/103233\/revisions"}],"predecessor-version":[{"id":103235,"href":"https:\/\/www.caririemacao.com\/1\/wp-json\/wp\/v2\/posts\/103233\/revisions\/103235"}],"wp:featuredmedia":[{"embeddable":true,"href":"https:\/\/www.caririemacao.com\/1\/wp-json\/wp\/v2\/media\/103234"}],"wp:attachment":[{"href":"https:\/\/www.caririemacao.com\/1\/wp-json\/wp\/v2\/media?parent=103233"}],"wp:term":[{"taxonomy":"category","embeddable":true,"href":"https:\/\/www.caririemacao.com\/1\/wp-json\/wp\/v2\/categories?post=103233"},{"taxonomy":"post_tag","embeddable":true,"href":"https:\/\/www.caririemacao.com\/1\/wp-json\/wp\/v2\/tags?post=103233"}],"curies":[{"name":"wp","href":"https:\/\/api.w.org\/{rel}","templated":true}]}}