{"id":103238,"date":"2019-07-03T11:59:09","date_gmt":"2019-07-03T14:59:09","guid":{"rendered":"http:\/\/www.caririemacao.com\/1\/?p=103238"},"modified":"2019-07-03T11:59:09","modified_gmt":"2019-07-03T14:59:09","slug":"whatsapp-nao-baixa-audio-e-apresenta-falha-de-download-de-imagens","status":"publish","type":"post","link":"https:\/\/www.caririemacao.com\/1\/2019\/07\/03\/whatsapp-nao-baixa-audio-e-apresenta-falha-de-download-de-imagens\/","title":{"rendered":"WhatsApp n\u00e3o baixa \u00e1udio e apresenta falha de download de imagens"},"content":{"rendered":"\n<p>O WhatsApp est\u00e1 com instabilidade e n\u00e3o baixa \u00e1udio na manh\u00e3 desta quarta-feira (3). O aplicativo para Android e iPhone (iOS), al\u00e9m da vers\u00e3o web do mensageiro, tamb\u00e9m apresenta falha no download de imagens. <\/p>\n\n\n\n<p>Segundo relatos de usu\u00e1rios no Twitter, o app parou de funcionar por volta de 10h40 de hoje. O site DownDetector, que monitora o funcionamento de servi\u00e7os online, mostra que o problema atinge principalmente o Brasil e pa\u00edses da Europa.<\/p>\n","protected":false},"excerpt":{"rendered":"<p>O WhatsApp est\u00e1 com instabilidade e n\u00e3o baixa \u00e1udio na manh\u00e3 desta quarta-feira (3). O aplicativo para Android e iPhone (iOS), al\u00e9m da vers\u00e3o web&hellip; <\/p>\n","protected":false},"author":2,"featured_media":103239,"comment_status":"closed","ping_status":"closed","sticky":false,"template":"","format":"standard","meta":{"sfsi_plus_gutenberg_text_before_share":"","sfsi_plus_gutenberg_show_text_before_share":"","sfsi_plus_gutenberg_icon_type":"","sfsi_plus_gutenberg_icon_alignemt":"","sfsi_plus_gutenburg_max_per_row":"","footnotes":""},"categories":[50,2],"tags":[],"class_list":["post-103238","post","type-post","status-publish","format-standard","has-post-thumbnail","hentry","category-destaque","category-geral"],"_links":{"self":[{"href":"https:\/\/www.caririemacao.com\/1\/wp-json\/wp\/v2\/posts\/103238","targetHints":{"allow":["GET"]}}],"collection":[{"href":"https:\/\/www.caririemacao.com\/1\/wp-json\/wp\/v2\/posts"}],"about":[{"href":"https:\/\/www.caririemacao.com\/1\/wp-json\/wp\/v2\/types\/post"}],"author":[{"embeddable":true,"href":"https:\/\/www.caririemacao.com\/1\/wp-json\/wp\/v2\/users\/2"}],"replies":[{"embeddable":true,"href":"https:\/\/www.caririemacao.com\/1\/wp-json\/wp\/v2\/comments?post=103238"}],"version-history":[{"count":1,"href":"https:\/\/www.caririemacao.com\/1\/wp-json\/wp\/v2\/posts\/103238\/revisions"}],"predecessor-version":[{"id":103240,"href":"https:\/\/www.caririemacao.com\/1\/wp-json\/wp\/v2\/posts\/103238\/revisions\/103240"}],"wp:featuredmedia":[{"embeddable":true,"href":"https:\/\/www.caririemacao.com\/1\/wp-json\/wp\/v2\/media\/103239"}],"wp:attachment":[{"href":"https:\/\/www.caririemacao.com\/1\/wp-json\/wp\/v2\/media?parent=103238"}],"wp:term":[{"taxonomy":"category","embeddable":true,"href":"https:\/\/www.caririemacao.com\/1\/wp-json\/wp\/v2\/categories?post=103238"},{"taxonomy":"post_tag","embeddable":true,"href":"https:\/\/www.caririemacao.com\/1\/wp-json\/wp\/v2\/tags?post=103238"}],"curies":[{"name":"wp","href":"https:\/\/api.w.org\/{rel}","templated":true}]}}