{"id":103241,"date":"2019-07-03T13:28:46","date_gmt":"2019-07-03T16:28:46","guid":{"rendered":"http:\/\/www.caririemacao.com\/1\/?p=103241"},"modified":"2019-07-03T13:28:46","modified_gmt":"2019-07-03T16:28:46","slug":"confira-a-foto-dos-8-mortos-em-operacao-da-pm-de-pernambuco-e-paraiba-em-barra-de-sao-miguel","status":"publish","type":"post","link":"https:\/\/www.caririemacao.com\/1\/2019\/07\/03\/confira-a-foto-dos-8-mortos-em-operacao-da-pm-de-pernambuco-e-paraiba-em-barra-de-sao-miguel\/","title":{"rendered":"Confira a foto dos 8 mortos em opera\u00e7\u00e3o da PM de Pernambuco e Para\u00edba em Barra de S\u00e3o Miguel"},"content":{"rendered":"\n<p>Os oito mortos na opera\u00e7\u00e3o das pol\u00edcias militares de Pernambuco e da Para\u00edba nessa ter\u00e7a-feira (02) eram amigos e familiares entre si, moravam em Bet\u00e2nia e cidades vizinhas. Dentre os corpos, estavam o do vereador Andson Berigue (PP), da cidade de Bet\u00e2nia, no Agreste de Pernambuco. Nanaca, como era conhecido, foi eleito em 2016 com 482 votos.<\/p>\n\n\n\n<p>O vereador teria ido at\u00e9 Barra de S\u00e3o Miguel resgatar o irm\u00e3o, conhecido como Galego de Lena, l\u00edder da quadrilha e um dos participantes do assalto em Santa Cruz do Capibaribe que terminou com a morte de um policial militar.<\/p>\n\n\n\n<p>Um primo deles, conhecido como Edys de Gevan estava entre os corpos. Tamb\u00e9m est\u00e3o entre os mortos um homem conhecido como Wellington Cabeludo, tamb\u00e9m de Bet\u00e2nia, e duas mulheres identificadas como Marcela Virgina e Raniere Alves, uma delas manteria um relacionamento com Galego de Lena. Os outros dois corpos s\u00e3o de Jos\u00e9 Pedro Agostinho e Manoel Jos\u00e9.<\/p>\n\n\n\n<p>A principio, informaram que a esposa do vereador, Danilla Nogueira, estava com ele e teria sido morta. Mas, atrav\u00e9s das redes sociais familiares e amigos negam a informa\u00e7\u00e3o.<\/p>\n\n\n\n<p>Wellington e Galego tinham mandados de pris\u00e3o expedidos contra eles. O primeiro, por um assalto a uma lot\u00e9rica na cidade de Carna\u00edba em 2018. O segundo, pelo sequestro de um funcion\u00e1rio do Bradesco em Cust\u00f3dia, tamb\u00e9m no ano passado.<\/p>\n\n\n\n<p>A Pol\u00edcia fez quest\u00e3o de desfilar pelas ruas com os corpos na ca\u00e7amba da viatura, num claro recado aos bandidos: \u201cmatou pol\u00edcia, morre\u201d.<\/p>\n\n\n\n<p>A popula\u00e7\u00e3o que acompanhou o trajeto do autom\u00f3vel aplaudiu a a\u00e7\u00e3o policial. As roupas usadas pelos mortos se assemelham aos trajes vestidos pelos bandidos no assalto, como mostram o circuito interno de c\u00e2meras.<\/p>\n\n\n\n<p>Os corpos dos criminosos ainda foram levados para a UPA de Santa Cruz do Capibaribe. O carro que teria sido utilizado por eles foi encontrado na cidade de Riacho de Santo Ant\u00f4nio, distante cerca de 20 km de Barra de S\u00e3o Miguel.<\/p>\n\n\n\n<p>De acordo com a PM, al\u00e9m de envolvimento com o grupo criminoso, o vereador era suspeito de v\u00e1rios assaltos a bancos e outros crimes cometidos em Pernambuco.<\/p>\n\n\n\n<p>A quadrilha tinha atua\u00e7\u00e3o interestadual e era especializada em assaltos a bancos. Foram apreendidos o dinheiro do roubo em Santa Cruz do Capibaribe, duas pistolas 380, dois rev\u00f3lveres 38 e uma espingarda calibre 12 de repeti\u00e7\u00e3o, que foi utilizada na a\u00e7\u00e3o criminosa.<\/p>\n\n\n\n<p>Na tarde dessa segunda, quatro homens armados assaltaram uma casa lot\u00e9rica e um mercado no bairro Dona Lica, em Santa Cruz do Capibaribe, e foram perseguidos por uma viatura da Pol\u00edcia Militar. A viatura foi atingida por v\u00e1rios disparos. O soldado Andr\u00e9 Jos\u00e9 da Silva, 32 anos, que dirigia a viatura, foi ferido e n\u00e3o resistiu. O corpo dele foi sepultado nesta ter\u00e7a-feira (02).<\/p>\n\n\n\n<p>J\u00e1 o PM que estava no banco do passageiro, Moacir Pereira, 47, ficou ferido, mas conseguiu sair do ve\u00edculo. Ele foi levado para a UPA de Santa Cruz do Capibaribe para receber atendimento e depois transferido para o Hospital Regional do Agreste (HRA). Os assaltantes fugiram. O carro deles foi encontrado abandonado em Barra de S\u00e3o Miguel, na Para\u00edba.<\/p>\n\n\n\n<p>Para\u00edba Debate<\/p>\n","protected":false},"excerpt":{"rendered":"<p>Os oito mortos na opera\u00e7\u00e3o das pol\u00edcias militares de Pernambuco e da Para\u00edba nessa ter\u00e7a-feira (02) eram amigos e familiares entre si, moravam em Bet\u00e2nia&hellip; <\/p>\n","protected":false},"author":1,"featured_media":103242,"comment_status":"closed","ping_status":"closed","sticky":false,"template":"","format":"standard","meta":{"sfsi_plus_gutenberg_text_before_share":"","sfsi_plus_gutenberg_show_text_before_share":"","sfsi_plus_gutenberg_icon_type":"","sfsi_plus_gutenberg_icon_alignemt":"","sfsi_plus_gutenburg_max_per_row":"","footnotes":""},"categories":[50,12],"tags":[],"class_list":["post-103241","post","type-post","status-publish","format-standard","has-post-thumbnail","hentry","category-destaque","category-policia"],"_links":{"self":[{"href":"https:\/\/www.caririemacao.com\/1\/wp-json\/wp\/v2\/posts\/103241","targetHints":{"allow":["GET"]}}],"collection":[{"href":"https:\/\/www.caririemacao.com\/1\/wp-json\/wp\/v2\/posts"}],"about":[{"href":"https:\/\/www.caririemacao.com\/1\/wp-json\/wp\/v2\/types\/post"}],"author":[{"embeddable":true,"href":"https:\/\/www.caririemacao.com\/1\/wp-json\/wp\/v2\/users\/1"}],"replies":[{"embeddable":true,"href":"https:\/\/www.caririemacao.com\/1\/wp-json\/wp\/v2\/comments?post=103241"}],"version-history":[{"count":1,"href":"https:\/\/www.caririemacao.com\/1\/wp-json\/wp\/v2\/posts\/103241\/revisions"}],"predecessor-version":[{"id":103243,"href":"https:\/\/www.caririemacao.com\/1\/wp-json\/wp\/v2\/posts\/103241\/revisions\/103243"}],"wp:featuredmedia":[{"embeddable":true,"href":"https:\/\/www.caririemacao.com\/1\/wp-json\/wp\/v2\/media\/103242"}],"wp:attachment":[{"href":"https:\/\/www.caririemacao.com\/1\/wp-json\/wp\/v2\/media?parent=103241"}],"wp:term":[{"taxonomy":"category","embeddable":true,"href":"https:\/\/www.caririemacao.com\/1\/wp-json\/wp\/v2\/categories?post=103241"},{"taxonomy":"post_tag","embeddable":true,"href":"https:\/\/www.caririemacao.com\/1\/wp-json\/wp\/v2\/tags?post=103241"}],"curies":[{"name":"wp","href":"https:\/\/api.w.org\/{rel}","templated":true}]}}