{"id":103253,"date":"2019-07-03T13:36:16","date_gmt":"2019-07-03T16:36:16","guid":{"rendered":"http:\/\/www.caririemacao.com\/1\/?p=103253"},"modified":"2019-07-03T13:36:16","modified_gmt":"2019-07-03T16:36:16","slug":"enem-tera-aplicacao-digital-a-partir-de-2020","status":"publish","type":"post","link":"https:\/\/www.caririemacao.com\/1\/2019\/07\/03\/enem-tera-aplicacao-digital-a-partir-de-2020\/","title":{"rendered":"Enem ter\u00e1 aplica\u00e7\u00e3o digital a partir de 2020"},"content":{"rendered":"\n<p><br>O Minist\u00e9rio da Educa\u00e7\u00e3o anunciou hoje (3), em Bras\u00edlia, que o Exame Nacional do Ensino M\u00e9dio (Enem) vai se tornar digital. A proposta \u00e9 de uma implementa\u00e7\u00e3o progressiva. Em 2020, a vers\u00e3o digital ser\u00e1 aplicada em fase piloto.<\/p>\n\n\n\n<p>A previs\u00e3o do governo \u00e9 abandonar as vers\u00f5es impressas em 2026. Nada ir\u00e1 mudar para os participantes inscritos em 2019.<\/p>\n\n\n\n<p>As primeiras aplica\u00e7\u00f5es digitais ser\u00e3o opcionais. O estudante vai escolher o modelo no momento da inscri\u00e7\u00e3o.<\/p>\n\n\n\n<figure class=\"wp-block-image\"><img decoding=\"async\" data-src=\"https:\/\/paraibaonline.com.br\/wp-content\/uploads\/2019\/05\/enem0505.jpg\" alt=\"Foto: Valter Campanato\/Ag\u00eancia Brasil\" class=\"wp-image-734722 lazyload\" src=\"data:image\/svg+xml;base64,PHN2ZyB3aWR0aD0iMSIgaGVpZ2h0PSIxIiB4bWxucz0iaHR0cDovL3d3dy53My5vcmcvMjAwMC9zdmciPjwvc3ZnPg==\" \/><\/figure>\n\n\n\n<p>Foto: Valter Campanato\/Ag\u00eancia Brasil<\/p>\n\n\n\n<p>Segundo o MEC, no primeiro ano de teste, o modelo digital ser\u00e1 aplicado para 50 mil pessoas em 15 capitais do pa\u00eds. A expectativa \u00e9 que a vers\u00e3o digital abra outras possibilidades como a de realiza\u00e7\u00e3o do exame em v\u00e1rias datas ao longo do ano, por agendamento.<\/p>\n\n\n\n<p>Em 2020, portanto, o Enem ter\u00e1 tr\u00eas aplica\u00e7\u00f5es: a digital, a regular e a reaplica\u00e7\u00e3o. Este \u00faltimo caso \u00e9 voltado para candidatos prejudicados por algum problema log\u00edstico ou de infraestrutura durante a realiza\u00e7\u00e3o da prova digital. Eles ter\u00e3o direito \u00e0 reaplica\u00e7\u00e3o, que ocorrer\u00e1 em papel.<\/p>\n\n\n\n<p>Para o governo, o Enem Digital vai permitir a utiliza\u00e7\u00e3o de novos tipos de quest\u00f5es com v\u00eddeos, infogr\u00e1ficos e at\u00e9 a l\u00f3gica dos games. Tamb\u00e9m ser\u00e1 poss\u00edvel aplicar o Enem em mais munic\u00edpios.<\/p>\n\n\n\n<p>\u201cAt\u00e9 2026, a prova vai ser muito parecida com o que \u00e9 hoje, mas toda ela vai ser feita no computador, como foram as transforma\u00e7\u00f5es l\u00e1 fora. At\u00e9 2026, todo mundo vai fazer a prova pelo computador, e vai poder fazer isso em v\u00e1rias datas ao longo do ano\u201d, disse hoje (3) o ministro da Educa\u00e7\u00e3o, Abraham Weintraub.<\/p>\n\n\n\n<p>Segundo ele, o estudante que ficar de fora de um exame poder\u00e1 fazer a outra aplica\u00e7\u00e3o.<\/p>\n\n\n\n<p>N\u00e3o haver\u00e1 distin\u00e7\u00e3o de valor entre a aplica\u00e7\u00e3o digital e em papel, de acordo com a pasta.<\/p>\n\n\n\n<p>O Enem 2020 j\u00e1 tem data. De acordo com o MEC, o exame ser\u00e1 aplicado em dois domingos, nos dias 11 e 18 de outubro no formato digital. O Enem regular, em papel, ser\u00e1 aplicado, aos demais estudantes nos dias 1\u00ba e 8 de novembro.<\/p>\n\n\n\n<p>Como se trata de projeto-piloto, os estudantes que tiverem algum problema com a prova digital ter\u00e3o direito a refazer o exame na reaplica\u00e7\u00e3o, que atualmente \u00e9 destinada a estudantes que foram prejudicados por quest\u00f5es como falta de energia el\u00e9trica, chuvas e outras intercorr\u00eancias.<\/p>\n\n\n\n<p>O exame ser\u00e1 aplicado na vers\u00e3o digital no ano que vem em Bel\u00e9m (PA), Belo Horizonte (MG), Bras\u00edlia (DF), Campo Grande (MS), Cuiab\u00e1 (MT), Curitiba (PR), Florian\u00f3polis (SC), Goi\u00e2nia (GO), Jo\u00e3o Pessoa (PB), Manaus (AM), Porto Alegre (RS), Recife (PE), Rio de Janeiro (RJ), Salvador (BA) e S\u00e3o Paulo (SP).<\/p>\n\n\n\n<p>Em 2019, mais de 10,2 milh\u00f5es de provas ser\u00e3o impressas para o Enem.<\/p>\n\n\n\n<p>Os custos da aplica\u00e7\u00e3o superam R$ 500 milh\u00f5es para os mais de 5 milh\u00f5es de participantes confirmados na edi\u00e7\u00e3o.<\/p>\n","protected":false},"excerpt":{"rendered":"<p>O Minist\u00e9rio da Educa\u00e7\u00e3o anunciou hoje (3), em Bras\u00edlia, que o Exame Nacional do Ensino M\u00e9dio (Enem) vai se tornar digital. A proposta \u00e9 de&hellip; <\/p>\n","protected":false},"author":1,"featured_media":89198,"comment_status":"closed","ping_status":"closed","sticky":false,"template":"","format":"standard","meta":{"sfsi_plus_gutenberg_text_before_share":"","sfsi_plus_gutenberg_show_text_before_share":"","sfsi_plus_gutenberg_icon_type":"","sfsi_plus_gutenberg_icon_alignemt":"","sfsi_plus_gutenburg_max_per_row":"","footnotes":""},"categories":[50,14],"tags":[],"class_list":["post-103253","post","type-post","status-publish","format-standard","has-post-thumbnail","hentry","category-destaque","category-educacao"],"_links":{"self":[{"href":"https:\/\/www.caririemacao.com\/1\/wp-json\/wp\/v2\/posts\/103253","targetHints":{"allow":["GET"]}}],"collection":[{"href":"https:\/\/www.caririemacao.com\/1\/wp-json\/wp\/v2\/posts"}],"about":[{"href":"https:\/\/www.caririemacao.com\/1\/wp-json\/wp\/v2\/types\/post"}],"author":[{"embeddable":true,"href":"https:\/\/www.caririemacao.com\/1\/wp-json\/wp\/v2\/users\/1"}],"replies":[{"embeddable":true,"href":"https:\/\/www.caririemacao.com\/1\/wp-json\/wp\/v2\/comments?post=103253"}],"version-history":[{"count":1,"href":"https:\/\/www.caririemacao.com\/1\/wp-json\/wp\/v2\/posts\/103253\/revisions"}],"predecessor-version":[{"id":103254,"href":"https:\/\/www.caririemacao.com\/1\/wp-json\/wp\/v2\/posts\/103253\/revisions\/103254"}],"wp:featuredmedia":[{"embeddable":true,"href":"https:\/\/www.caririemacao.com\/1\/wp-json\/wp\/v2\/media\/89198"}],"wp:attachment":[{"href":"https:\/\/www.caririemacao.com\/1\/wp-json\/wp\/v2\/media?parent=103253"}],"wp:term":[{"taxonomy":"category","embeddable":true,"href":"https:\/\/www.caririemacao.com\/1\/wp-json\/wp\/v2\/categories?post=103253"},{"taxonomy":"post_tag","embeddable":true,"href":"https:\/\/www.caririemacao.com\/1\/wp-json\/wp\/v2\/tags?post=103253"}],"curies":[{"name":"wp","href":"https:\/\/api.w.org\/{rel}","templated":true}]}}