{"id":103264,"date":"2019-07-03T13:47:54","date_gmt":"2019-07-03T16:47:54","guid":{"rendered":"http:\/\/www.caririemacao.com\/1\/?p=103264"},"modified":"2019-07-03T13:47:54","modified_gmt":"2019-07-03T16:47:54","slug":"nautico-e-botafogo-pb-finalmente-se-enfrentam-pela-8a-rodada-da-serie-c","status":"publish","type":"post","link":"https:\/\/www.caririemacao.com\/1\/2019\/07\/03\/nautico-e-botafogo-pb-finalmente-se-enfrentam-pela-8a-rodada-da-serie-c\/","title":{"rendered":"N\u00e1utico e Botafogo-PB finalmente se enfrentam pela 8\u00aa rodada da S\u00e9rie C"},"content":{"rendered":"\n<p><br>Pela terceira vez, N\u00e1utico e Botafogo-PB v\u00e3o tentar disputar a partida v\u00e1lida pela oitava rodada do Grupo A da S\u00e9rie C do Campeonato Brasileiro. Antes, o duelo foi adiado por duas vezes, nos dias 16 e 17 de junho, devido as fortes chuvas em Recife. Hoje a bola vai rolar \u00e0s 19h, no est\u00e1dio dos Aflitos, na capital pernambucana.<\/p>\n\n\n\n<figure class=\"wp-block-image\"><img decoding=\"async\" data-src=\"https:\/\/paraibaonline.com.br\/wp-content\/uploads\/2019\/07\/NauXBot.jpg\" alt=\"\" class=\"wp-image-749017 lazyload\" src=\"data:image\/svg+xml;base64,PHN2ZyB3aWR0aD0iMSIgaGVpZ2h0PSIxIiB4bWxucz0iaHR0cDovL3d3dy53My5vcmcvMjAwMC9zdmciPjwvc3ZnPg==\" \/><\/figure>\n\n\n\n<p>Foto: Ascom \/ Botafogo-PB<\/p>\n\n\n\n<p>Nesta temporada, as duas equipes j\u00e1 se enfrentaram na semifinal da Copa do Nordeste. Em um jogo emocionante, o Belo venceu no est\u00e1dio Almeid\u00e3o por 2 a 1. O gol da vit\u00f3ria foi marcado pelo baixinho Juninho, de cabe\u00e7a, aos 42 do segundo tempo.<\/p>\n\n\n\n<p>Vindo de uma derrota no cl\u00e1ssico contra o Santa Cruz e um empate diante do lanterna ABC-RN, o N\u00e1utico busca a vit\u00f3ria para retornar ao G4, uma vez que a sequ\u00eancia ruim fez o alvirrubro cair para a s\u00e9tima coloca\u00e7\u00e3o na tabela, com 12 pontos, quatro a menos que o Botafogo-PB, vice-l\u00edder.<\/p>\n\n\n\n<p>Para o confronto de logo mais, o treinador Gilmar Dal Pozzo deve promover mudan\u00e7as no time. Rafael Oliveira, ex-Belo, deve ganhar uma vaga no ataque, fazendo com que Wallace Pernambucano recue para o meio campo, voltando as suas origens. A baixa no Timbu fica por conta do meia Josa, que est\u00e1 suspenso. Maylson, Assis, Odil\u00e1vio e Rafael Assis, lesionados, tamb\u00e9m n\u00e3o est\u00e3o a disposi\u00e7\u00e3o.<\/p>\n\n\n\n<p>Pelo lado botafoguense, uma vit\u00f3ria pode colocar o time na cola do l\u00edder Ferrovi\u00e1rio, que tem 20 pontos, quatro a mais que o Botafogo-PB, com um jogo a mais disputado. Sem contar com o lateral esquerdo F\u00e1bio Alves, contundido, o t\u00e9cnico Evaristo Piza vai manter Neuton no time titular. A d\u00favida do comandante do Belo est\u00e1 no setor ofensivo da equipe.<\/p>\n\n\n\n<p>Sem estar 100% fisicamente no \u00faltimo fim de semana, o meia Clayton ficou como op\u00e7\u00e3o no banco de reservas contra o Ferr\u00e3o. Recuperado de dores no p\u00e9, ele deve voltar ao onze inicial, fazendo com que Kelvin deixe a equipe e Felipe Alves passe a ser a refer\u00eancia isolada no ataque.<\/p>\n\n\n\n<p><strong>Arbitragem<\/strong><\/p>\n\n\n\n<p>Quem apita o jogo \u00e9 Rodrigo da Fonseca Silva, do Mato Grosso. Seus conterr\u00e2neos Renan Ant\u00f4nio Angelim Rodrigues e Gislan Antonio Garcia da Silva ser\u00e3o seus auxiliares.<\/p>\n\n\n\n<p><strong>Prov\u00e1veis escala\u00e7\u00f5es<\/strong><\/p>\n\n\n\n<p><strong>N\u00e1utico<\/strong>: Jefferson, Hereda, Camutanga, Fernando Lombardi, Willian Sim\u00f5es; Jim\u00e9nez, Jhonnatan, Wallace Pernambucano; Thiago, Matheus Carvalho e Rafael Oliveira. T\u00e9cnico: Gilmar Dal Pozzo.<\/p>\n\n\n\n<p><strong>Botafogo-PB:<\/strong>&nbsp;Saulo, Neilson, Fred, Willian Goiano, Neuton; Rog\u00e9rio, Marcos Vinicius, Juninho, Marcos Aur\u00e9lio, Clayton; Felipe Alves. T\u00e9cnico: Evaristo Piza.<\/p>\n","protected":false},"excerpt":{"rendered":"<p>Pela terceira vez, N\u00e1utico e Botafogo-PB v\u00e3o tentar disputar a partida v\u00e1lida pela oitava rodada do Grupo A da S\u00e9rie C do Campeonato Brasileiro. Antes,&hellip; <\/p>\n","protected":false},"author":1,"featured_media":103265,"comment_status":"closed","ping_status":"closed","sticky":false,"template":"","format":"standard","meta":{"sfsi_plus_gutenberg_text_before_share":"","sfsi_plus_gutenberg_show_text_before_share":"","sfsi_plus_gutenberg_icon_type":"","sfsi_plus_gutenberg_icon_alignemt":"","sfsi_plus_gutenburg_max_per_row":"","footnotes":""},"categories":[13],"tags":[],"class_list":["post-103264","post","type-post","status-publish","format-standard","has-post-thumbnail","hentry","category-esportes"],"_links":{"self":[{"href":"https:\/\/www.caririemacao.com\/1\/wp-json\/wp\/v2\/posts\/103264","targetHints":{"allow":["GET"]}}],"collection":[{"href":"https:\/\/www.caririemacao.com\/1\/wp-json\/wp\/v2\/posts"}],"about":[{"href":"https:\/\/www.caririemacao.com\/1\/wp-json\/wp\/v2\/types\/post"}],"author":[{"embeddable":true,"href":"https:\/\/www.caririemacao.com\/1\/wp-json\/wp\/v2\/users\/1"}],"replies":[{"embeddable":true,"href":"https:\/\/www.caririemacao.com\/1\/wp-json\/wp\/v2\/comments?post=103264"}],"version-history":[{"count":1,"href":"https:\/\/www.caririemacao.com\/1\/wp-json\/wp\/v2\/posts\/103264\/revisions"}],"predecessor-version":[{"id":103266,"href":"https:\/\/www.caririemacao.com\/1\/wp-json\/wp\/v2\/posts\/103264\/revisions\/103266"}],"wp:featuredmedia":[{"embeddable":true,"href":"https:\/\/www.caririemacao.com\/1\/wp-json\/wp\/v2\/media\/103265"}],"wp:attachment":[{"href":"https:\/\/www.caririemacao.com\/1\/wp-json\/wp\/v2\/media?parent=103264"}],"wp:term":[{"taxonomy":"category","embeddable":true,"href":"https:\/\/www.caririemacao.com\/1\/wp-json\/wp\/v2\/categories?post=103264"},{"taxonomy":"post_tag","embeddable":true,"href":"https:\/\/www.caririemacao.com\/1\/wp-json\/wp\/v2\/tags?post=103264"}],"curies":[{"name":"wp","href":"https:\/\/api.w.org\/{rel}","templated":true}]}}