{"id":103274,"date":"2019-07-03T13:54:25","date_gmt":"2019-07-03T16:54:25","guid":{"rendered":"http:\/\/www.caririemacao.com\/1\/?p=103274"},"modified":"2019-07-03T13:54:25","modified_gmt":"2019-07-03T16:54:25","slug":"divulgados-locais-de-prova-de-concurso-com-mil-vagas-monteiro-sera-uma-das-cidades","status":"publish","type":"post","link":"https:\/\/www.caririemacao.com\/1\/2019\/07\/03\/divulgados-locais-de-prova-de-concurso-com-mil-vagas-monteiro-sera-uma-das-cidades\/","title":{"rendered":"Divulgados locais de prova de concurso com mil vagas; Monteiro ser\u00e1 uma das cidades"},"content":{"rendered":"\n<div class=\"wp-block-image\"><figure class=\"alignleft\"><img decoding=\"async\" data-src=\"https:\/\/i1.wp.com\/www.vitrinedocariri.com.br\/wp-content\/uploads\/2018\/02\/concurso_dedo.jpg?zoom=2&amp;resize=330%2C263&amp;ssl=1\" alt=\"\" class=\"wp-image-6531 lazyload\" src=\"data:image\/svg+xml;base64,PHN2ZyB3aWR0aD0iMSIgaGVpZ2h0PSIxIiB4bWxucz0iaHR0cDovL3d3dy53My5vcmcvMjAwMC9zdmciPjwvc3ZnPg==\" \/><\/figure><\/div>\n\n\n\n<p>A Secretaria de Estado da Educa\u00e7\u00e3o divulgou nesta quarta-feira (3) os locais e hor\u00e1rios de provas para o concurso p\u00fablico que oferece 1 mil vagas para professores na rede estadual de ensino.<\/p>\n\n\n\n<p>A prova objetiva ser\u00e1 no dia 21 de julho, na cidade escolhida pelo candidato no momento da inscri\u00e7\u00e3o. As provas ser\u00e3o aplicadas nas cidades de Cajazeiras, Campina Grande, Catol\u00e9 da Rocha, Cuit\u00e9, Guarabira, Itabaiana, Itaporanga, Jo\u00e3o Pessoa, Mamanguape, Monteiro, Patos, Pombal, Princesa Isabel e Sousa<\/p>\n\n\n\n<p>O port\u00e3o de acesso ao local de realiza\u00e7\u00e3o da prova objetiva ser\u00e1 aberto \u00e0s 12h15min e fechado \u00e0s 13h00min, observado o hor\u00e1rio local.<\/p>\n\n\n\n<p>Para conhecer o local de realiza\u00e7\u00e3o da prova objetiva, o candidato dever\u00e1 consultar e imprimir o cart\u00e3o de informa\u00e7\u00e3o do candidato que estar\u00e1 dispon\u00edvel no endere\u00e7o eletr\u00f4nico www.institutoaocp.org.br a partir das 15h desta quarta-feira.<\/p>\n","protected":false},"excerpt":{"rendered":"<p>A Secretaria de Estado da Educa\u00e7\u00e3o divulgou nesta quarta-feira (3) os locais e hor\u00e1rios de provas para o concurso p\u00fablico que oferece 1 mil vagas&hellip; <\/p>\n","protected":false},"author":1,"featured_media":98294,"comment_status":"closed","ping_status":"closed","sticky":false,"template":"","format":"standard","meta":{"sfsi_plus_gutenberg_text_before_share":"","sfsi_plus_gutenberg_show_text_before_share":"","sfsi_plus_gutenberg_icon_type":"","sfsi_plus_gutenberg_icon_alignemt":"","sfsi_plus_gutenburg_max_per_row":"","footnotes":""},"categories":[6],"tags":[],"class_list":["post-103274","post","type-post","status-publish","format-standard","has-post-thumbnail","hentry","category-cidades"],"_links":{"self":[{"href":"https:\/\/www.caririemacao.com\/1\/wp-json\/wp\/v2\/posts\/103274","targetHints":{"allow":["GET"]}}],"collection":[{"href":"https:\/\/www.caririemacao.com\/1\/wp-json\/wp\/v2\/posts"}],"about":[{"href":"https:\/\/www.caririemacao.com\/1\/wp-json\/wp\/v2\/types\/post"}],"author":[{"embeddable":true,"href":"https:\/\/www.caririemacao.com\/1\/wp-json\/wp\/v2\/users\/1"}],"replies":[{"embeddable":true,"href":"https:\/\/www.caririemacao.com\/1\/wp-json\/wp\/v2\/comments?post=103274"}],"version-history":[{"count":1,"href":"https:\/\/www.caririemacao.com\/1\/wp-json\/wp\/v2\/posts\/103274\/revisions"}],"predecessor-version":[{"id":103275,"href":"https:\/\/www.caririemacao.com\/1\/wp-json\/wp\/v2\/posts\/103274\/revisions\/103275"}],"wp:featuredmedia":[{"embeddable":true,"href":"https:\/\/www.caririemacao.com\/1\/wp-json\/wp\/v2\/media\/98294"}],"wp:attachment":[{"href":"https:\/\/www.caririemacao.com\/1\/wp-json\/wp\/v2\/media?parent=103274"}],"wp:term":[{"taxonomy":"category","embeddable":true,"href":"https:\/\/www.caririemacao.com\/1\/wp-json\/wp\/v2\/categories?post=103274"},{"taxonomy":"post_tag","embeddable":true,"href":"https:\/\/www.caririemacao.com\/1\/wp-json\/wp\/v2\/tags?post=103274"}],"curies":[{"name":"wp","href":"https:\/\/api.w.org\/{rel}","templated":true}]}}