{"id":103280,"date":"2019-07-03T14:57:42","date_gmt":"2019-07-03T17:57:42","guid":{"rendered":"http:\/\/www.caririemacao.com\/1\/?p=103280"},"modified":"2019-07-03T14:57:42","modified_gmt":"2019-07-03T17:57:42","slug":"prefeitura-de-amparo-emite-nota-de-pesar-pelo-falecimento-do-senhor-joao-de-roque","status":"publish","type":"post","link":"https:\/\/www.caririemacao.com\/1\/2019\/07\/03\/prefeitura-de-amparo-emite-nota-de-pesar-pelo-falecimento-do-senhor-joao-de-roque\/","title":{"rendered":"Prefeitura de Amparo emite Nota de Pesar pelo falecimento do Senhor Jo\u00e3o de Roque"},"content":{"rendered":"\n<p>\u00c9 com imenso pesar que a Prefeitura Municipal de Amparo lamenta o falecimento do senhor Jo\u00e3o Batista da Silva popularmente conhecido como \u201cJo\u00e3o de Roque\u201d.<br>O Prefeito In\u00e1cio N\u00f3brega manifesta sua solidariedade \u00e0 fam\u00edlia, aos amigos e colegas do Senhor Jo\u00e3o de Roque nesse momento de muita dor. Ofere\u00e7o minhas condol\u00eancias aos familiares e amigos pela triste perda.<br>Prefeitura Municipal de Amparo<\/p>\n","protected":false},"excerpt":{"rendered":"<p>\u00c9 com imenso pesar que a Prefeitura Municipal de Amparo lamenta o falecimento do senhor Jo\u00e3o Batista da Silva popularmente conhecido como \u201cJo\u00e3o de Roque\u201d.O&hellip; <\/p>\n","protected":false},"author":1,"featured_media":103281,"comment_status":"closed","ping_status":"closed","sticky":false,"template":"","format":"standard","meta":{"sfsi_plus_gutenberg_text_before_share":"","sfsi_plus_gutenberg_show_text_before_share":"","sfsi_plus_gutenberg_icon_type":"","sfsi_plus_gutenberg_icon_alignemt":"","sfsi_plus_gutenburg_max_per_row":"","footnotes":""},"categories":[6],"tags":[],"class_list":["post-103280","post","type-post","status-publish","format-standard","has-post-thumbnail","hentry","category-cidades"],"_links":{"self":[{"href":"https:\/\/www.caririemacao.com\/1\/wp-json\/wp\/v2\/posts\/103280","targetHints":{"allow":["GET"]}}],"collection":[{"href":"https:\/\/www.caririemacao.com\/1\/wp-json\/wp\/v2\/posts"}],"about":[{"href":"https:\/\/www.caririemacao.com\/1\/wp-json\/wp\/v2\/types\/post"}],"author":[{"embeddable":true,"href":"https:\/\/www.caririemacao.com\/1\/wp-json\/wp\/v2\/users\/1"}],"replies":[{"embeddable":true,"href":"https:\/\/www.caririemacao.com\/1\/wp-json\/wp\/v2\/comments?post=103280"}],"version-history":[{"count":1,"href":"https:\/\/www.caririemacao.com\/1\/wp-json\/wp\/v2\/posts\/103280\/revisions"}],"predecessor-version":[{"id":103282,"href":"https:\/\/www.caririemacao.com\/1\/wp-json\/wp\/v2\/posts\/103280\/revisions\/103282"}],"wp:featuredmedia":[{"embeddable":true,"href":"https:\/\/www.caririemacao.com\/1\/wp-json\/wp\/v2\/media\/103281"}],"wp:attachment":[{"href":"https:\/\/www.caririemacao.com\/1\/wp-json\/wp\/v2\/media?parent=103280"}],"wp:term":[{"taxonomy":"category","embeddable":true,"href":"https:\/\/www.caririemacao.com\/1\/wp-json\/wp\/v2\/categories?post=103280"},{"taxonomy":"post_tag","embeddable":true,"href":"https:\/\/www.caririemacao.com\/1\/wp-json\/wp\/v2\/tags?post=103280"}],"curies":[{"name":"wp","href":"https:\/\/api.w.org\/{rel}","templated":true}]}}