{"id":103285,"date":"2019-07-03T15:01:57","date_gmt":"2019-07-03T18:01:57","guid":{"rendered":"http:\/\/www.caririemacao.com\/1\/?p=103285"},"modified":"2019-07-03T15:01:57","modified_gmt":"2019-07-03T18:01:57","slug":"secretaria-de-saude-de-sume-oferece-capacitacao-em-pre-natal-para-servidores","status":"publish","type":"post","link":"https:\/\/www.caririemacao.com\/1\/2019\/07\/03\/secretaria-de-saude-de-sume-oferece-capacitacao-em-pre-natal-para-servidores\/","title":{"rendered":"Secretaria de Sa\u00fade de Sum\u00e9 oferece capacita\u00e7\u00e3o em pr\u00e9-natal para servidores"},"content":{"rendered":"\n<p>A Prefeitura de Sum\u00e9, por meio da Secretaria Municipal de Sa\u00fade, promoveu o curso Sa\u00fade da Mulher: Atualiza\u00e7\u00e3o em Pr\u00e9-Natal, nesta ter\u00e7a-feira (03), no audit\u00f3rio da Secretaria de Educa\u00e7\u00e3o (Seduc). A capacita\u00e7\u00e3o foi direcionada a m\u00e9dicos, enfermeiros, odont\u00f3logos, fisioterapeutas e demais profissionais da sa\u00fade do munic\u00edpio<\/p>\n\n\n\n<p>O evento teve como palestrantes, osm\u00e9dicos, professores e pesquisadores do departamento de obstetr\u00edcia e ginecologia do curso de medicina da UFPB, dr. Eduardo S\u00e9rgio Soares e dr. Mois\u00e9s Diogo de Lima. Eles discorreram sobre&nbsp;situa\u00e7\u00f5es do dia a dia, a exemplo da hipertens\u00e3o na gravidez, diabetes, hemorragias, infec\u00e7\u00f5es e sobre como enfrent\u00e1-las \u00e0 luz das evid\u00eancias cient\u00edficas atuais.&nbsp;&nbsp;<\/p>\n\n\n\n<p>De acordo com o m\u00e9dico Eduardo S\u00e9rgio, o momento foi importante para que os participantes pudessem avaliar as a\u00e7\u00f5es de sa\u00fade da mulher, no cotidiano e nas unidades de sa\u00fade. Com essa qualifica\u00e7\u00e3o, segundo ele, \u00e9 poss\u00edvel melhorar significativamente a assist\u00eancia \u00e0s gestantes nos per\u00edodos de pr\u00e9-natal, parto e puerp\u00e9rio.<\/p>\n\n\n\n<p>A assessora t\u00e9cnica do munic\u00edpio, Niedja Rodrigues de Siqueira disse que a capacita\u00e7\u00e3o dos profissionais em sa\u00fade do munic\u00edpio faz parte da educa\u00e7\u00e3o permanente e continuada. \u201cNesse primeiro momento, os profissionais foram capacitados para avaliar gestantes, no dia 17 de julho, ser\u00e1 a vez do tema: &nbsp;sa\u00fade da crian\u00e7a\u201d, afirmou.<\/p>\n\n\n\n<p>&nbsp;A a\u00e7\u00e3o \u00e9 uma parceria firmada entre as Prefeituras de Sum\u00e9 e S\u00e3o Jo\u00e3o do Tigre.<\/p>\n\n\n\n<p>Ascom<\/p>\n","protected":false},"excerpt":{"rendered":"<p>A Prefeitura de Sum\u00e9, por meio da Secretaria Municipal de Sa\u00fade, promoveu o curso Sa\u00fade da Mulher: Atualiza\u00e7\u00e3o em Pr\u00e9-Natal, nesta ter\u00e7a-feira (03), no audit\u00f3rio&hellip; <\/p>\n","protected":false},"author":1,"featured_media":103286,"comment_status":"closed","ping_status":"closed","sticky":false,"template":"","format":"standard","meta":{"sfsi_plus_gutenberg_text_before_share":"","sfsi_plus_gutenberg_show_text_before_share":"","sfsi_plus_gutenberg_icon_type":"","sfsi_plus_gutenberg_icon_alignemt":"","sfsi_plus_gutenburg_max_per_row":"","footnotes":""},"categories":[2],"tags":[],"class_list":["post-103285","post","type-post","status-publish","format-standard","has-post-thumbnail","hentry","category-geral"],"_links":{"self":[{"href":"https:\/\/www.caririemacao.com\/1\/wp-json\/wp\/v2\/posts\/103285","targetHints":{"allow":["GET"]}}],"collection":[{"href":"https:\/\/www.caririemacao.com\/1\/wp-json\/wp\/v2\/posts"}],"about":[{"href":"https:\/\/www.caririemacao.com\/1\/wp-json\/wp\/v2\/types\/post"}],"author":[{"embeddable":true,"href":"https:\/\/www.caririemacao.com\/1\/wp-json\/wp\/v2\/users\/1"}],"replies":[{"embeddable":true,"href":"https:\/\/www.caririemacao.com\/1\/wp-json\/wp\/v2\/comments?post=103285"}],"version-history":[{"count":1,"href":"https:\/\/www.caririemacao.com\/1\/wp-json\/wp\/v2\/posts\/103285\/revisions"}],"predecessor-version":[{"id":103288,"href":"https:\/\/www.caririemacao.com\/1\/wp-json\/wp\/v2\/posts\/103285\/revisions\/103288"}],"wp:featuredmedia":[{"embeddable":true,"href":"https:\/\/www.caririemacao.com\/1\/wp-json\/wp\/v2\/media\/103286"}],"wp:attachment":[{"href":"https:\/\/www.caririemacao.com\/1\/wp-json\/wp\/v2\/media?parent=103285"}],"wp:term":[{"taxonomy":"category","embeddable":true,"href":"https:\/\/www.caririemacao.com\/1\/wp-json\/wp\/v2\/categories?post=103285"},{"taxonomy":"post_tag","embeddable":true,"href":"https:\/\/www.caririemacao.com\/1\/wp-json\/wp\/v2\/tags?post=103285"}],"curies":[{"name":"wp","href":"https:\/\/api.w.org\/{rel}","templated":true}]}}