{"id":103305,"date":"2019-07-03T17:40:09","date_gmt":"2019-07-03T20:40:09","guid":{"rendered":"http:\/\/www.caririemacao.com\/1\/?p=103305"},"modified":"2019-07-03T17:40:09","modified_gmt":"2019-07-03T20:40:09","slug":"bolsonaro-nao-leu-e-nao-lera-a-prova-do-enem-2019-diz-ministro-da-educacao","status":"publish","type":"post","link":"https:\/\/www.caririemacao.com\/1\/2019\/07\/03\/bolsonaro-nao-leu-e-nao-lera-a-prova-do-enem-2019-diz-ministro-da-educacao\/","title":{"rendered":"Bolsonaro &#8216;n\u00e3o leu e n\u00e3o ler\u00e1&#8217; a prova do Enem 2019, diz ministro da Educa\u00e7\u00e3o"},"content":{"rendered":"\n<p>O ministro da Educa\u00e7\u00e3o, Abraham Weintraub, afirmou que o presidente Jair Bolsonaro \u201cn\u00e3o leu e n\u00e3o ler\u00e1\u201d a prova do Exame Nacional do Ensino M\u00e9dio (Enem) deste ano. Segundo ele, n\u00e3o h\u00e1 raz\u00e3o para Bolsonaro ter acesso \u00e0 prova, que foi enviada em m\u00eddia digital para a gr\u00e1fica em S\u00e3o Paulo na \u00faltima sexta-feira.<br><\/p>\n\n\n\n<p>\u201cSalvo algo totalmente fora do script, n\u00e3o consigo imaginar porque o presidente com uma agenda t\u00e3o atribulada vai parar para ler a prova. Ele n\u00e3o leu e n\u00e3o ler\u00e1\u201d, afirmou o ministro.<\/p>\n\n\n\n<p>Weintraub disse que tamb\u00e9m &#8220;pretende&#8221; n\u00e3o ler a prova, assim como far\u00e3o, segundo ele, o presidente do Instituto Nacional de Estudos e Pesquisas Educacionais An\u00edsio Teixeira (Inep), Alexandre Lopes, e o diretor que atualmente cuida do Enem na autarquia, Camilo Mussi. Os tr\u00eas deram uma entrevista coletiva nesta quarta-feira para falar de novidades do Enem do ano que vem.<\/p>\n\n\n\n<p>\u201cAntes da aplica\u00e7\u00e3o n\u00e3o pretendo ler. Ningu\u00e9m vai ler, salvo uma hecatombe nuclear (&#8230;) Estamos seguindo o procedimento padr\u00e3o\u201d, disse Weintraub.<\/p>\n\n\n\n<p>Ano passado, j\u00e1 eleito presidente, Bolsonaro, incomodado com uma quest\u00e3o que mencionava um dialeto usado pela comunidade LGBT no Enem 2018, afirmou que interferiria no exame para retirar temas que ele considera inadequados. Na ocasi\u00e3o, prometeu que n\u00e3o iria haver \u201cquest\u00e3o desta forma ano que vem, porque n\u00f3s vamos tomar conhecimento da prova antes\u201d.<\/p>\n\n\n\n<p>Vi\u00e9s ideol\u00f3gico<\/p>\n\n\n\n<p>O ministro da Educa\u00e7\u00e3o disse que deu orienta\u00e7\u00f5es para retirada de \u201cqualquer vi\u00e9s ideol\u00f3gico\u201d das provas e que \u201ccabe\u00e7as v\u00e3o rodar\u201d se essa determina\u00e7\u00e3o n\u00e3o for atendida. Ele afirmou que nesta semana demitiu um colaborador, sem dar detalhes, ao falar do contexto do Enem.<\/p>\n\n\n\n<p>\u201cFoi passada uma orienta\u00e7\u00e3o para todas as estruturas para acabar completamente com qualquer vi\u00e9s ideol\u00f3gico da elabora\u00e7\u00e3o de provas. As pessoas que n\u00e3o performarem adequadamente, a gente vai desligar. N\u00e3o tem muita novidade\u201d, disse Weintraub.<\/p>\n\n\n\n<p>\u201cA pessoa tem que ter tranquilidade de que a \u00fanica coisa que ela precisa fazer \u00e9 estudar: ci\u00eancia, matem\u00e1tica, ler e escrever corretamente, sem se preocupar com vi\u00e9s ideol\u00f3gico. Se n\u00f3s n\u00e3o atendermos isso, as cabe\u00e7as dos respons\u00e1veis v\u00e3o rodar. Segunda pedi para desligar uma pessoa.\u201d<\/p>\n","protected":false},"excerpt":{"rendered":"<p>O ministro da Educa\u00e7\u00e3o, Abraham Weintraub, afirmou que o presidente Jair Bolsonaro \u201cn\u00e3o leu e n\u00e3o ler\u00e1\u201d a prova do Exame Nacional do Ensino M\u00e9dio&hellip; <\/p>\n","protected":false},"author":1,"featured_media":103306,"comment_status":"closed","ping_status":"closed","sticky":false,"template":"","format":"standard","meta":{"sfsi_plus_gutenberg_text_before_share":"","sfsi_plus_gutenberg_show_text_before_share":"","sfsi_plus_gutenberg_icon_type":"","sfsi_plus_gutenberg_icon_alignemt":"","sfsi_plus_gutenburg_max_per_row":"","footnotes":""},"categories":[50,14],"tags":[],"class_list":["post-103305","post","type-post","status-publish","format-standard","has-post-thumbnail","hentry","category-destaque","category-educacao"],"_links":{"self":[{"href":"https:\/\/www.caririemacao.com\/1\/wp-json\/wp\/v2\/posts\/103305","targetHints":{"allow":["GET"]}}],"collection":[{"href":"https:\/\/www.caririemacao.com\/1\/wp-json\/wp\/v2\/posts"}],"about":[{"href":"https:\/\/www.caririemacao.com\/1\/wp-json\/wp\/v2\/types\/post"}],"author":[{"embeddable":true,"href":"https:\/\/www.caririemacao.com\/1\/wp-json\/wp\/v2\/users\/1"}],"replies":[{"embeddable":true,"href":"https:\/\/www.caririemacao.com\/1\/wp-json\/wp\/v2\/comments?post=103305"}],"version-history":[{"count":1,"href":"https:\/\/www.caririemacao.com\/1\/wp-json\/wp\/v2\/posts\/103305\/revisions"}],"predecessor-version":[{"id":103307,"href":"https:\/\/www.caririemacao.com\/1\/wp-json\/wp\/v2\/posts\/103305\/revisions\/103307"}],"wp:featuredmedia":[{"embeddable":true,"href":"https:\/\/www.caririemacao.com\/1\/wp-json\/wp\/v2\/media\/103306"}],"wp:attachment":[{"href":"https:\/\/www.caririemacao.com\/1\/wp-json\/wp\/v2\/media?parent=103305"}],"wp:term":[{"taxonomy":"category","embeddable":true,"href":"https:\/\/www.caririemacao.com\/1\/wp-json\/wp\/v2\/categories?post=103305"},{"taxonomy":"post_tag","embeddable":true,"href":"https:\/\/www.caririemacao.com\/1\/wp-json\/wp\/v2\/tags?post=103305"}],"curies":[{"name":"wp","href":"https:\/\/api.w.org\/{rel}","templated":true}]}}