{"id":103328,"date":"2019-07-04T08:24:22","date_gmt":"2019-07-04T11:24:22","guid":{"rendered":"http:\/\/www.caririemacao.com\/1\/?p=103328"},"modified":"2019-07-04T08:24:22","modified_gmt":"2019-07-04T11:24:22","slug":"caraubas-se-prepara-para-shows-da-festa-de-sao-pedro-e-espera-reunir-30-mil-pessoas-neste-fim-de-semana","status":"publish","type":"post","link":"https:\/\/www.caririemacao.com\/1\/2019\/07\/04\/caraubas-se-prepara-para-shows-da-festa-de-sao-pedro-e-espera-reunir-30-mil-pessoas-neste-fim-de-semana\/","title":{"rendered":"Cara\u00fabas se prepara para shows da Festa de S\u00e3o Pedro e espera reunir 30 mil pessoas neste fim de semana"},"content":{"rendered":"\n<p>A\u00a0cidade de Cara\u00fabas, localizada no Cariri da Para\u00edba, dever\u00e1 ser o destino de milhares de caririzeiros e moradores do vizinho Estado de Pernambuco neste final de semana. O munic\u00edpio realiza sua tradicional Festa de S\u00e3o Pedro e nos pr\u00f3ximos dias promover\u00e1 grandes shows gratuitos na pra\u00e7a de eventos.<\/p>\n\n\n\n<p>Nesta quinta-feira (04), a Prefeitura de Cara\u00fabas encerrar\u00e1 as atividades no Arraial Duduz\u00e3o com show de Amazan e Gil Camargo. O Arraial foi uma ideia do prefeito Silvano Dudu e traz shows desde os dias de S\u00e3o Jo\u00e3o em um palho\u00e7\u00e3o constru\u00eddo no centro da cidade.<\/p>\n\n\n\n<p>Os dias maiores da Festa de S\u00e3o Pedro contar\u00e3o com shows na pra\u00e7a de eventos e se dar\u00e1 na sexta-feira (05) e s\u00e1bado (06). Na sexta sobem ao palco os cantores Alisson Levado, Adriano Silva, Gilsinho do Acordeon e Forr\u00f3 Pesado. No s\u00e1bado ser\u00e1 a vez do fen\u00f4meno Pedrinho Pega\u00e7\u00e3o, Forr\u00f3 Gente Boa e Gil Camargo.<\/p>\n\n\n\n<p>O prefeito Silvano Dudu fortaleceu o convite a popula\u00e7\u00e3o de toda a regi\u00e3o para participar da festa e disse que espera um p\u00fablico aproximado de 30 mil pessoas durante os pr\u00f3ximos dias. Silvano ainda afirmou que j\u00e1 articulou uma grande estrutura de seguran\u00e7a e que o S\u00e3o Pedro acontecer\u00e1 mais uma vez em clima de muita tranq\u00fcilidade.<\/p>\n","protected":false},"excerpt":{"rendered":"<p>A\u00a0cidade de Cara\u00fabas, localizada no Cariri da Para\u00edba, dever\u00e1 ser o destino de milhares de caririzeiros e moradores do vizinho Estado de Pernambuco neste final&hellip; <\/p>\n","protected":false},"author":1,"featured_media":103329,"comment_status":"closed","ping_status":"closed","sticky":false,"template":"","format":"standard","meta":{"sfsi_plus_gutenberg_text_before_share":"","sfsi_plus_gutenberg_show_text_before_share":"","sfsi_plus_gutenberg_icon_type":"","sfsi_plus_gutenberg_icon_alignemt":"","sfsi_plus_gutenburg_max_per_row":"","footnotes":""},"categories":[2],"tags":[],"class_list":["post-103328","post","type-post","status-publish","format-standard","has-post-thumbnail","hentry","category-geral"],"_links":{"self":[{"href":"https:\/\/www.caririemacao.com\/1\/wp-json\/wp\/v2\/posts\/103328","targetHints":{"allow":["GET"]}}],"collection":[{"href":"https:\/\/www.caririemacao.com\/1\/wp-json\/wp\/v2\/posts"}],"about":[{"href":"https:\/\/www.caririemacao.com\/1\/wp-json\/wp\/v2\/types\/post"}],"author":[{"embeddable":true,"href":"https:\/\/www.caririemacao.com\/1\/wp-json\/wp\/v2\/users\/1"}],"replies":[{"embeddable":true,"href":"https:\/\/www.caririemacao.com\/1\/wp-json\/wp\/v2\/comments?post=103328"}],"version-history":[{"count":1,"href":"https:\/\/www.caririemacao.com\/1\/wp-json\/wp\/v2\/posts\/103328\/revisions"}],"predecessor-version":[{"id":103330,"href":"https:\/\/www.caririemacao.com\/1\/wp-json\/wp\/v2\/posts\/103328\/revisions\/103330"}],"wp:featuredmedia":[{"embeddable":true,"href":"https:\/\/www.caririemacao.com\/1\/wp-json\/wp\/v2\/media\/103329"}],"wp:attachment":[{"href":"https:\/\/www.caririemacao.com\/1\/wp-json\/wp\/v2\/media?parent=103328"}],"wp:term":[{"taxonomy":"category","embeddable":true,"href":"https:\/\/www.caririemacao.com\/1\/wp-json\/wp\/v2\/categories?post=103328"},{"taxonomy":"post_tag","embeddable":true,"href":"https:\/\/www.caririemacao.com\/1\/wp-json\/wp\/v2\/tags?post=103328"}],"curies":[{"name":"wp","href":"https:\/\/api.w.org\/{rel}","templated":true}]}}