{"id":103331,"date":"2019-07-04T08:35:31","date_gmt":"2019-07-04T11:35:31","guid":{"rendered":"http:\/\/www.caririemacao.com\/1\/?p=103331"},"modified":"2019-07-04T08:35:31","modified_gmt":"2019-07-04T11:35:31","slug":"nico-batista-e-atracao-na-festa-de-sao-pedro-em-zabele-nesse-domingo-7-de-julho","status":"publish","type":"post","link":"https:\/\/www.caririemacao.com\/1\/2019\/07\/04\/nico-batista-e-atracao-na-festa-de-sao-pedro-em-zabele-nesse-domingo-7-de-julho\/","title":{"rendered":"Nico Batista \u00e9 atra\u00e7\u00e3o na Festa de S\u00e3o Pedro em Zabel\u00ea nesse domingo 7 de Julho"},"content":{"rendered":"\n<figure class=\"wp-block-image\"><a href=\"https:\/\/1.bp.blogspot.com\/-v6mCT9w41Hw\/XR09G7b7NAI\/AAAAAAAAlYo\/iXtcb83JCZEYcfbuRBb9DA9SRXQ816D_wCLcBGAs\/s1600\/festa-da-vila-popular-zabel%25C3%25AA-20191.png\"><img decoding=\"async\" data-src=\"https:\/\/1.bp.blogspot.com\/-v6mCT9w41Hw\/XR09G7b7NAI\/AAAAAAAAlYo\/iXtcb83JCZEYcfbuRBb9DA9SRXQ816D_wCLcBGAs\/s280\/festa-da-vila-popular-zabel%25C3%25AA-20191.png\" alt=\"\" src=\"data:image\/svg+xml;base64,PHN2ZyB3aWR0aD0iMSIgaGVpZ2h0PSIxIiB4bWxucz0iaHR0cDovL3d3dy53My5vcmcvMjAwMC9zdmciPjwvc3ZnPg==\" class=\"lazyload\" \/><\/a><\/figure>\n\n\n\n<p>A cidade de Zabel\u00ea comemora no pr\u00f3ximo dia 07 de julho a tradicional festa da vila popular no Arrai\u00e1 Nilton Teixeira com vasta programa\u00e7\u00e3o.A prefeitura municipal est\u00e1 organizando uma vasta programa\u00e7\u00e3o que inicia \u00e0s 18h:00 na vila popular com a subida no pau de sebo, quadrilha junina, churrasco gratuito e shows com os Descendestes do Gonzag\u00e3o e Nico Batista.\u201cN\u00e3o poder\u00edamos deixar de realizar um evento t\u00e3o tradicional do nosso munic\u00edpio que sempre ocorre no primeiro domingo de julho, mantendo assim a tradi\u00e7\u00e3o do churrasco gratuito para a popula\u00e7\u00e3o e visitantes\u201d. Disse o prefeito Dalyson Neves.<\/p>\n","protected":false},"excerpt":{"rendered":"<p>A cidade de Zabel\u00ea comemora no pr\u00f3ximo dia 07 de julho a tradicional festa da vila popular no Arrai\u00e1 Nilton Teixeira com vasta programa\u00e7\u00e3o.A prefeitura&hellip; <\/p>\n","protected":false},"author":1,"featured_media":103332,"comment_status":"closed","ping_status":"closed","sticky":false,"template":"","format":"standard","meta":{"sfsi_plus_gutenberg_text_before_share":"","sfsi_plus_gutenberg_show_text_before_share":"","sfsi_plus_gutenberg_icon_type":"","sfsi_plus_gutenberg_icon_alignemt":"","sfsi_plus_gutenburg_max_per_row":"","footnotes":""},"categories":[50,2],"tags":[],"class_list":["post-103331","post","type-post","status-publish","format-standard","has-post-thumbnail","hentry","category-destaque","category-geral"],"_links":{"self":[{"href":"https:\/\/www.caririemacao.com\/1\/wp-json\/wp\/v2\/posts\/103331","targetHints":{"allow":["GET"]}}],"collection":[{"href":"https:\/\/www.caririemacao.com\/1\/wp-json\/wp\/v2\/posts"}],"about":[{"href":"https:\/\/www.caririemacao.com\/1\/wp-json\/wp\/v2\/types\/post"}],"author":[{"embeddable":true,"href":"https:\/\/www.caririemacao.com\/1\/wp-json\/wp\/v2\/users\/1"}],"replies":[{"embeddable":true,"href":"https:\/\/www.caririemacao.com\/1\/wp-json\/wp\/v2\/comments?post=103331"}],"version-history":[{"count":1,"href":"https:\/\/www.caririemacao.com\/1\/wp-json\/wp\/v2\/posts\/103331\/revisions"}],"predecessor-version":[{"id":103333,"href":"https:\/\/www.caririemacao.com\/1\/wp-json\/wp\/v2\/posts\/103331\/revisions\/103333"}],"wp:featuredmedia":[{"embeddable":true,"href":"https:\/\/www.caririemacao.com\/1\/wp-json\/wp\/v2\/media\/103332"}],"wp:attachment":[{"href":"https:\/\/www.caririemacao.com\/1\/wp-json\/wp\/v2\/media?parent=103331"}],"wp:term":[{"taxonomy":"category","embeddable":true,"href":"https:\/\/www.caririemacao.com\/1\/wp-json\/wp\/v2\/categories?post=103331"},{"taxonomy":"post_tag","embeddable":true,"href":"https:\/\/www.caririemacao.com\/1\/wp-json\/wp\/v2\/tags?post=103331"}],"curies":[{"name":"wp","href":"https:\/\/api.w.org\/{rel}","templated":true}]}}