{"id":103338,"date":"2019-07-04T08:39:39","date_gmt":"2019-07-04T11:39:39","guid":{"rendered":"http:\/\/www.caririemacao.com\/1\/?p=103338"},"modified":"2019-07-04T08:39:39","modified_gmt":"2019-07-04T11:39:39","slug":"vereador-morto-em-operacao-policial-ja-havia-sido-preso-em-2017","status":"publish","type":"post","link":"https:\/\/www.caririemacao.com\/1\/2019\/07\/04\/vereador-morto-em-operacao-policial-ja-havia-sido-preso-em-2017\/","title":{"rendered":"Vereador morto em opera\u00e7\u00e3o policial j\u00e1 havia sido preso em 2017"},"content":{"rendered":"\n<p>A Pol\u00edcia Militar de Pernambuco informou que o vereador de Pernambuco,&nbsp;Andson Berigue de Lima, de 29 anos, conhecido como &#8220;Nanaca&#8221;, j\u00e1 havia sido preso por porte ilegal de arma e e adultera\u00e7\u00e3o de ve\u00edculos,&nbsp;em 2017.<\/p>\n\n\n\n<p>Andson<a href=\"https:\/\/www.clickpb.com.br\/Policial\/vereador-de-cidade-pernambucana-e-um-dos-oito-mortos-na-paraiba-suspeitos-da-morte-de-policial-263286.html\">est\u00e1 entre os oito suspeitos mortos<\/a>durante um confronto com a Pol\u00edcia Militar&nbsp;entre Barra de S\u00e3o Miguel e Riacho de Santo Ant\u00f4nio, na Para\u00edba, na manh\u00e3 desta ter\u00e7a-feira (2).&nbsp;<\/p>\n\n\n\n<p>O tenente coronel Brito informou que&nbsp;n\u00e3o h\u00e1 ind\u00edcios de participa\u00e7\u00e3o direta do vereador na investida contra o mercadinho e o soldado da Pol\u00edcia Militar Andr\u00e9 Silva, 32 anos, morto durante troca de tiros ap\u00f3s o assalto. O vereador teria ido&nbsp;<a href=\"https:\/\/www.clickpb.com.br\/Policial\/vereador-de-pernambuco-morto-na-paraiba-veio-resgatar-irmao-suspeito-de-matar-soldado-em-assalto-263307.html\">resgatar o irm\u00e3o, que era suspeito de matar o<\/a>&nbsp;soldado.&nbsp;<\/p>\n\n\n\n<p>O irm\u00e3o do vereador, Jos\u00e9 Andson&nbsp;de Lima, conhecido como Galego de Lena, era o l\u00edder da organiza\u00e7\u00e3o criminosa.&nbsp;<\/p>\n\n\n\n<p>A pol\u00edcia n\u00e3o descarta a participa\u00e7\u00e3o de outras pessoas no grupo criminoso e as investiga\u00e7\u00f5es continuam.&nbsp;<\/p>\n","protected":false},"excerpt":{"rendered":"<p>A Pol\u00edcia Militar de Pernambuco informou que o vereador de Pernambuco,&nbsp;Andson Berigue de Lima, de 29 anos, conhecido como &#8220;Nanaca&#8221;, j\u00e1 havia sido preso por&hellip; <\/p>\n","protected":false},"author":1,"featured_media":103339,"comment_status":"closed","ping_status":"closed","sticky":false,"template":"","format":"standard","meta":{"sfsi_plus_gutenberg_text_before_share":"","sfsi_plus_gutenberg_show_text_before_share":"","sfsi_plus_gutenberg_icon_type":"","sfsi_plus_gutenberg_icon_alignemt":"","sfsi_plus_gutenburg_max_per_row":"","footnotes":""},"categories":[12],"tags":[],"class_list":["post-103338","post","type-post","status-publish","format-standard","has-post-thumbnail","hentry","category-policia"],"_links":{"self":[{"href":"https:\/\/www.caririemacao.com\/1\/wp-json\/wp\/v2\/posts\/103338","targetHints":{"allow":["GET"]}}],"collection":[{"href":"https:\/\/www.caririemacao.com\/1\/wp-json\/wp\/v2\/posts"}],"about":[{"href":"https:\/\/www.caririemacao.com\/1\/wp-json\/wp\/v2\/types\/post"}],"author":[{"embeddable":true,"href":"https:\/\/www.caririemacao.com\/1\/wp-json\/wp\/v2\/users\/1"}],"replies":[{"embeddable":true,"href":"https:\/\/www.caririemacao.com\/1\/wp-json\/wp\/v2\/comments?post=103338"}],"version-history":[{"count":1,"href":"https:\/\/www.caririemacao.com\/1\/wp-json\/wp\/v2\/posts\/103338\/revisions"}],"predecessor-version":[{"id":103340,"href":"https:\/\/www.caririemacao.com\/1\/wp-json\/wp\/v2\/posts\/103338\/revisions\/103340"}],"wp:featuredmedia":[{"embeddable":true,"href":"https:\/\/www.caririemacao.com\/1\/wp-json\/wp\/v2\/media\/103339"}],"wp:attachment":[{"href":"https:\/\/www.caririemacao.com\/1\/wp-json\/wp\/v2\/media?parent=103338"}],"wp:term":[{"taxonomy":"category","embeddable":true,"href":"https:\/\/www.caririemacao.com\/1\/wp-json\/wp\/v2\/categories?post=103338"},{"taxonomy":"post_tag","embeddable":true,"href":"https:\/\/www.caririemacao.com\/1\/wp-json\/wp\/v2\/tags?post=103338"}],"curies":[{"name":"wp","href":"https:\/\/api.w.org\/{rel}","templated":true}]}}