{"id":103342,"date":"2019-07-04T08:42:47","date_gmt":"2019-07-04T11:42:47","guid":{"rendered":"http:\/\/www.caririemacao.com\/1\/?p=103342"},"modified":"2019-07-04T08:42:47","modified_gmt":"2019-07-04T11:42:47","slug":"secretaria-de-educacao-divulga-resultado-do-programa-gira-mundo","status":"publish","type":"post","link":"https:\/\/www.caririemacao.com\/1\/2019\/07\/04\/secretaria-de-educacao-divulga-resultado-do-programa-gira-mundo\/","title":{"rendered":"Secretaria de Educa\u00e7\u00e3o divulga resultado do programa Gira Mundo"},"content":{"rendered":"\n<p>A Secretaria de Educa\u00e7\u00e3o divulgou, na manh\u00e3 desta quinta-feira (4), o resultado do programa Gira Mundo. O resultado saiu no Di\u00e1rio Oficial.<\/p>\n\n\n\n<p><a href=\"https:\/\/www.clickpb.com.br\/media\/filer_public\/e1\/67\/e1677043-1029-4515-9410-faabc2f1758d\/diario-oficial-04-07-2019.pdf\">Confira a partir da p\u00e1gina 12<\/a><\/p>\n\n\n\n<p>&nbsp;O resultado final contempla 280 estudantes que participam do Interc\u00e2mbio Gira Mundo para Argentina, Canad\u00e1, Chile, Col\u00f4mbia, Espanha e Reino Unido.<\/p>\n\n\n\n<p>O Programa \u201cGira Mundo \/Edital 005\/2019\u201d \u00e9 supervisionado&nbsp;e custeado&nbsp;pelo Governo do Estado da Para\u00edba.<\/p>\n","protected":false},"excerpt":{"rendered":"<p>A Secretaria de Educa\u00e7\u00e3o divulgou, na manh\u00e3 desta quinta-feira (4), o resultado do programa Gira Mundo. O resultado saiu no Di\u00e1rio Oficial. Confira a partir&hellip; <\/p>\n","protected":false},"author":1,"featured_media":103343,"comment_status":"closed","ping_status":"closed","sticky":false,"template":"","format":"standard","meta":{"sfsi_plus_gutenberg_text_before_share":"","sfsi_plus_gutenberg_show_text_before_share":"","sfsi_plus_gutenberg_icon_type":"","sfsi_plus_gutenberg_icon_alignemt":"","sfsi_plus_gutenburg_max_per_row":"","footnotes":""},"categories":[14],"tags":[],"class_list":["post-103342","post","type-post","status-publish","format-standard","has-post-thumbnail","hentry","category-educacao"],"_links":{"self":[{"href":"https:\/\/www.caririemacao.com\/1\/wp-json\/wp\/v2\/posts\/103342","targetHints":{"allow":["GET"]}}],"collection":[{"href":"https:\/\/www.caririemacao.com\/1\/wp-json\/wp\/v2\/posts"}],"about":[{"href":"https:\/\/www.caririemacao.com\/1\/wp-json\/wp\/v2\/types\/post"}],"author":[{"embeddable":true,"href":"https:\/\/www.caririemacao.com\/1\/wp-json\/wp\/v2\/users\/1"}],"replies":[{"embeddable":true,"href":"https:\/\/www.caririemacao.com\/1\/wp-json\/wp\/v2\/comments?post=103342"}],"version-history":[{"count":1,"href":"https:\/\/www.caririemacao.com\/1\/wp-json\/wp\/v2\/posts\/103342\/revisions"}],"predecessor-version":[{"id":103344,"href":"https:\/\/www.caririemacao.com\/1\/wp-json\/wp\/v2\/posts\/103342\/revisions\/103344"}],"wp:featuredmedia":[{"embeddable":true,"href":"https:\/\/www.caririemacao.com\/1\/wp-json\/wp\/v2\/media\/103343"}],"wp:attachment":[{"href":"https:\/\/www.caririemacao.com\/1\/wp-json\/wp\/v2\/media?parent=103342"}],"wp:term":[{"taxonomy":"category","embeddable":true,"href":"https:\/\/www.caririemacao.com\/1\/wp-json\/wp\/v2\/categories?post=103342"},{"taxonomy":"post_tag","embeddable":true,"href":"https:\/\/www.caririemacao.com\/1\/wp-json\/wp\/v2\/tags?post=103342"}],"curies":[{"name":"wp","href":"https:\/\/api.w.org\/{rel}","templated":true}]}}