{"id":103352,"date":"2019-07-04T09:07:10","date_gmt":"2019-07-04T12:07:10","guid":{"rendered":"http:\/\/www.caririemacao.com\/1\/?p=103352"},"modified":"2019-07-04T09:07:10","modified_gmt":"2019-07-04T12:07:10","slug":"ufcg-divulga-a-terceira-chamada-da-lista-de-espera-do-sisu","status":"publish","type":"post","link":"https:\/\/www.caririemacao.com\/1\/2019\/07\/04\/ufcg-divulga-a-terceira-chamada-da-lista-de-espera-do-sisu\/","title":{"rendered":"UFCG divulga a terceira chamada da lista de espera do Sisu"},"content":{"rendered":"\n<p><br>A Universidade Federal de Campina Grande (UFCG) divulgou nesta quarta-feira (3),&nbsp;a terceira&nbsp;chamada da lista de espera no Sistema de Sele\u00e7\u00e3o Unificado (SiSU) para vagas remanescentes . Ao todo est\u00e3o sendo convocados 397 candidatos.<\/p>\n\n\n\n<p><a href=\"http:\/\/apps.sti.ufcg.edu.br\/chamadas-sisu\/2019-2\/3\/\">Confira a lista completa<\/a><\/p>\n\n\n\n<p>O cadastramento deve ser feito nesta quinta-feira (4) e sexta-feira (5), das 8h \u00e0s 11h e das 14h \u00e0s 17h, na coordena\u00e7\u00e3o do curso para qual o estudante foi classificado.&nbsp;<\/p>\n\n\n\n<p>O procedimento de cadastramento \u00e9 obrigat\u00f3rio para garantir a vaga na UFCG e deve ser feito presencialmente pelo candidato ou por procurador legalmente constitu\u00eddo para esse fim. No edital \u00e9 poss\u00edvel conferir a documenta\u00e7\u00e3o necess\u00e1ria.<\/p>\n\n\n\n<p>A matr\u00edcula em disciplinas dos alunos ingressantes deve ser realizada no dia 29 de julho, tamb\u00e9m na coordena\u00e7\u00e3o do curso para o qual foi selecionado. As aulas do per\u00edodo 2019.2 ter\u00e3o in\u00edcio no dia 6 de agosto.<\/p>\n\n\n\n<p>Est\u00e3o previstas at\u00e9 sete chamadas para os inscritos na lista de espera para cursos da UFCG, conforme a exist\u00eancia de vagas. Cada uma delas respeitar\u00e1 a classifica\u00e7\u00e3o para vagas de ampla concorr\u00eancia e as reservadas para cotas. A quarta chamada est\u00e1 programada para a pr\u00f3xima ter\u00e7a-feira (9).<\/p>\n","protected":false},"excerpt":{"rendered":"<p>A Universidade Federal de Campina Grande (UFCG) divulgou nesta quarta-feira (3),&nbsp;a terceira&nbsp;chamada da lista de espera no Sistema de Sele\u00e7\u00e3o Unificado (SiSU) para vagas remanescentes&hellip; <\/p>\n","protected":false},"author":1,"featured_media":103353,"comment_status":"closed","ping_status":"closed","sticky":false,"template":"","format":"standard","meta":{"sfsi_plus_gutenberg_text_before_share":"","sfsi_plus_gutenberg_show_text_before_share":"","sfsi_plus_gutenberg_icon_type":"","sfsi_plus_gutenberg_icon_alignemt":"","sfsi_plus_gutenburg_max_per_row":"","footnotes":""},"categories":[2],"tags":[],"class_list":["post-103352","post","type-post","status-publish","format-standard","has-post-thumbnail","hentry","category-geral"],"_links":{"self":[{"href":"https:\/\/www.caririemacao.com\/1\/wp-json\/wp\/v2\/posts\/103352","targetHints":{"allow":["GET"]}}],"collection":[{"href":"https:\/\/www.caririemacao.com\/1\/wp-json\/wp\/v2\/posts"}],"about":[{"href":"https:\/\/www.caririemacao.com\/1\/wp-json\/wp\/v2\/types\/post"}],"author":[{"embeddable":true,"href":"https:\/\/www.caririemacao.com\/1\/wp-json\/wp\/v2\/users\/1"}],"replies":[{"embeddable":true,"href":"https:\/\/www.caririemacao.com\/1\/wp-json\/wp\/v2\/comments?post=103352"}],"version-history":[{"count":1,"href":"https:\/\/www.caririemacao.com\/1\/wp-json\/wp\/v2\/posts\/103352\/revisions"}],"predecessor-version":[{"id":103354,"href":"https:\/\/www.caririemacao.com\/1\/wp-json\/wp\/v2\/posts\/103352\/revisions\/103354"}],"wp:featuredmedia":[{"embeddable":true,"href":"https:\/\/www.caririemacao.com\/1\/wp-json\/wp\/v2\/media\/103353"}],"wp:attachment":[{"href":"https:\/\/www.caririemacao.com\/1\/wp-json\/wp\/v2\/media?parent=103352"}],"wp:term":[{"taxonomy":"category","embeddable":true,"href":"https:\/\/www.caririemacao.com\/1\/wp-json\/wp\/v2\/categories?post=103352"},{"taxonomy":"post_tag","embeddable":true,"href":"https:\/\/www.caririemacao.com\/1\/wp-json\/wp\/v2\/tags?post=103352"}],"curies":[{"name":"wp","href":"https:\/\/api.w.org\/{rel}","templated":true}]}}