{"id":103358,"date":"2019-07-04T09:15:26","date_gmt":"2019-07-04T12:15:26","guid":{"rendered":"http:\/\/www.caririemacao.com\/1\/?p=103358"},"modified":"2019-07-04T09:15:26","modified_gmt":"2019-07-04T12:15:26","slug":"idade-minima-para-aposentadoria-de-policiais-permanece-em-55-anos","status":"publish","type":"post","link":"https:\/\/www.caririemacao.com\/1\/2019\/07\/04\/idade-minima-para-aposentadoria-de-policiais-permanece-em-55-anos\/","title":{"rendered":"Idade m\u00ednima para aposentadoria de policiais permanece em 55 anos"},"content":{"rendered":"\n<p>As regras para as aposentadorias dos policiais que atuam na esfera federal ser\u00e3o mantidas. As categorias, que incluem policiais federais e legislativos, se aposentar\u00e3o aos 55 anos de idade, com 30 anos de contribui\u00e7\u00e3o e 25 anos de exerc\u00edcio efetivo na carreira, independentemente de distin\u00e7\u00e3o de sexo.<\/p>\n\n\n\n<p>A manuten\u00e7\u00e3o das condi\u00e7\u00f5es consta do novo voto do relator da reforma da Previd\u00eancia na comiss\u00e3o especial da C\u00e2mara, deputado Samuel Moreira (PSDB-SP). Antes do in\u00edcio da sess\u00e3o, que come\u00e7ou com sete horas de atraso, l\u00edderes partid\u00e1rias haviam anunciado um acordo para reduzir para 52 anos para mulheres e 53 anos para homens, a idade m\u00ednima de aposentadoria para os policiais em n\u00edvel federal.<\/p>\n\n\n\n<p>Mais cedo, o presidente da C\u00e2mara, Rodrigo Maia, disse que a suaviza\u00e7\u00e3o das condi\u00e7\u00f5es de aposentadorias para policiais que servem \u00e0 Uni\u00e3o criaria um efeito cascata que desidrataria a reforma da Previd\u00eancia. A declara\u00e7\u00e3o ocorreu depois que Maia se reuniu com Moreira e o presidente da comiss\u00e3o especial, deputado Marcelo Ramos (PL-AM).<\/p>\n\n\n\n<p>No in\u00edcio da noite, o porta-voz do Pal\u00e1cio do Planalto, Ot\u00e1vio R\u00eago Barros, disse que o&nbsp;<a href=\"http:\/\/agenciabrasil.ebc.com.br\/politica\/noticia\/2019-07\/planalto-condicoes-diferenciadas-para-policiais-estao-em-estudo\" target=\"_blank\" rel=\"noreferrer noopener\">governo analisa<\/a>, juntamente com o Congresso, adotar condi\u00e7\u00f5es diferenciadas de aposentadoria para policiais federais e legislativos, que poderiam ser inclu\u00eddas no relat\u00f3rio da reforma.<\/p>\n\n\n\n<h2 class=\"wp-block-heading\">Estados<\/h2>\n\n\n\n<p>No voto lido h\u00e1 pouco, Moreira recuou da permiss\u00e3o para que estados e munic\u00edpios&nbsp;<a href=\"http:\/\/agenciabrasil.ebc.com.br\/politica\/noticia\/2019-07\/relator-volta-permitir-contribuicao-extra-de-servidores-estaduais\" target=\"_blank\" rel=\"noreferrer noopener\">aumentem a contribui\u00e7\u00e3o<\/a>&nbsp;dos servidores p\u00fablicos locais para cobrir os rombos nos regimes pr\u00f3prios de Previd\u00eancia. A possibilidade constava do relat\u00f3rio apresentado ontem (2) pelo relator.<\/p>\n\n\n\n<p>Com a desist\u00eancia, os estados e os munic\u00edpios voltam a ficar integralmente fora da reforma da Previd\u00eancia. Caber\u00e1 \u00e0s Assembleias Legislativas estaduais e \u00e0s C\u00e2maras Municipais aprovar a validade da reforma para os governos locais, assim como o aumento das al\u00edquotas dos servidores sob sua al\u00e7ada.<\/p>\n","protected":false},"excerpt":{"rendered":"<p>As regras para as aposentadorias dos policiais que atuam na esfera federal ser\u00e3o mantidas. As categorias, que incluem policiais federais e legislativos, se aposentar\u00e3o aos&hellip; <\/p>\n","protected":false},"author":1,"featured_media":103360,"comment_status":"closed","ping_status":"closed","sticky":false,"template":"","format":"standard","meta":{"sfsi_plus_gutenberg_text_before_share":"","sfsi_plus_gutenberg_show_text_before_share":"","sfsi_plus_gutenberg_icon_type":"","sfsi_plus_gutenberg_icon_alignemt":"","sfsi_plus_gutenburg_max_per_row":"","footnotes":""},"categories":[11],"tags":[],"class_list":["post-103358","post","type-post","status-publish","format-standard","has-post-thumbnail","hentry","category-politica"],"_links":{"self":[{"href":"https:\/\/www.caririemacao.com\/1\/wp-json\/wp\/v2\/posts\/103358","targetHints":{"allow":["GET"]}}],"collection":[{"href":"https:\/\/www.caririemacao.com\/1\/wp-json\/wp\/v2\/posts"}],"about":[{"href":"https:\/\/www.caririemacao.com\/1\/wp-json\/wp\/v2\/types\/post"}],"author":[{"embeddable":true,"href":"https:\/\/www.caririemacao.com\/1\/wp-json\/wp\/v2\/users\/1"}],"replies":[{"embeddable":true,"href":"https:\/\/www.caririemacao.com\/1\/wp-json\/wp\/v2\/comments?post=103358"}],"version-history":[{"count":1,"href":"https:\/\/www.caririemacao.com\/1\/wp-json\/wp\/v2\/posts\/103358\/revisions"}],"predecessor-version":[{"id":103361,"href":"https:\/\/www.caririemacao.com\/1\/wp-json\/wp\/v2\/posts\/103358\/revisions\/103361"}],"wp:featuredmedia":[{"embeddable":true,"href":"https:\/\/www.caririemacao.com\/1\/wp-json\/wp\/v2\/media\/103360"}],"wp:attachment":[{"href":"https:\/\/www.caririemacao.com\/1\/wp-json\/wp\/v2\/media?parent=103358"}],"wp:term":[{"taxonomy":"category","embeddable":true,"href":"https:\/\/www.caririemacao.com\/1\/wp-json\/wp\/v2\/categories?post=103358"},{"taxonomy":"post_tag","embeddable":true,"href":"https:\/\/www.caririemacao.com\/1\/wp-json\/wp\/v2\/tags?post=103358"}],"curies":[{"name":"wp","href":"https:\/\/api.w.org\/{rel}","templated":true}]}}