{"id":103364,"date":"2019-07-04T09:19:11","date_gmt":"2019-07-04T12:19:11","guid":{"rendered":"http:\/\/www.caririemacao.com\/1\/?p=103364"},"modified":"2019-07-04T09:19:11","modified_gmt":"2019-07-04T12:19:11","slug":"frio-intenso-chega-ao-sul-sudeste-e-centro-oeste","status":"publish","type":"post","link":"https:\/\/www.caririemacao.com\/1\/2019\/07\/04\/frio-intenso-chega-ao-sul-sudeste-e-centro-oeste\/","title":{"rendered":"Frio intenso chega ao Sul, Sudeste e Centro-Oeste"},"content":{"rendered":"\n<p>Uma massa de ar polar intensa vai levar frio&nbsp;\u00e0 regi\u00e3o Sul e partes do Sudeste e Centro-Oeste, a partir de hoje (4). As baixas temperaturas s\u00e3o esperadas at\u00e9 no Norte do pa\u00eds, de acordo com o Instituto Nacional de Meteorologia (Inmet).<\/p>\n\n\n\n<p>Temperaturas abaixo de 0 graus Celsius (\u00baC) devem&nbsp;ser&nbsp;registradas nas \u00e1reas de serra e planalto do Rio Grande do Sul, Santa Catarina e Paran\u00e1. Nos tr\u00eas estados, a previs\u00e3o \u00e9 de que os term\u00f4metros registrem -5 \u00baC nas manh\u00e3s de&nbsp;quinta-feira&nbsp;at\u00e9 o domingo (7). Nas outras regi\u00f5es, o&nbsp;frio mais intenso deve ocorrer nos estados de S\u00e3o Paulo, Minas Gerais e Mato Grosso do Sul no final de semana. As m\u00ednimas previstas para as primeiras horas chegam&nbsp;a 5 \u00b0C.&nbsp;<\/p>\n\n\n\n<p>Na regi\u00e3o Sul, o pico de frio deve ocorrer at\u00e9&nbsp;s\u00e1bado. Nas outras regi\u00f5es, as temperaturas mais baixas ser\u00e3o no final de semana com aumento gradual a partir da pr\u00f3xima segunda-feira (8).<\/p>\n\n\n\n<p>O Minist\u00e9rio do Desenvolvimento Regional (MDR), por meio do Centro Nacional de Gerenciamento de Riscos e Desastres (Cenad), fez um alerta para que, durante o per\u00edodo de baixas temperaturas, seja oferecida aten\u00e7\u00e3o especial \u00e0 popula\u00e7\u00e3o mais vulner\u00e1vel (doentes, moradores de rua, idosos e crian\u00e7as).<\/p>\n\n\n\n<p>A popula\u00e7\u00e3o deve se manter agasalhada, beber bastante l\u00edquido e evitar locais fechados e de grande circula\u00e7\u00e3o de pessoas. Tais medidas previnem doen\u00e7as respirat\u00f3rias como gripe, resfriados e&nbsp;pneumonia. Nas noites mais frias, animais dom\u00e9sticos tamb\u00e9m devem ficar abrigados.<\/p>\n","protected":false},"excerpt":{"rendered":"<p>Uma massa de ar polar intensa vai levar frio&nbsp;\u00e0 regi\u00e3o Sul e partes do Sudeste e Centro-Oeste, a partir de hoje (4). As baixas temperaturas&hellip; <\/p>\n","protected":false},"author":1,"featured_media":103365,"comment_status":"closed","ping_status":"closed","sticky":false,"template":"","format":"standard","meta":{"sfsi_plus_gutenberg_text_before_share":"","sfsi_plus_gutenberg_show_text_before_share":"","sfsi_plus_gutenberg_icon_type":"","sfsi_plus_gutenberg_icon_alignemt":"","sfsi_plus_gutenburg_max_per_row":"","footnotes":""},"categories":[2],"tags":[],"class_list":["post-103364","post","type-post","status-publish","format-standard","has-post-thumbnail","hentry","category-geral"],"_links":{"self":[{"href":"https:\/\/www.caririemacao.com\/1\/wp-json\/wp\/v2\/posts\/103364","targetHints":{"allow":["GET"]}}],"collection":[{"href":"https:\/\/www.caririemacao.com\/1\/wp-json\/wp\/v2\/posts"}],"about":[{"href":"https:\/\/www.caririemacao.com\/1\/wp-json\/wp\/v2\/types\/post"}],"author":[{"embeddable":true,"href":"https:\/\/www.caririemacao.com\/1\/wp-json\/wp\/v2\/users\/1"}],"replies":[{"embeddable":true,"href":"https:\/\/www.caririemacao.com\/1\/wp-json\/wp\/v2\/comments?post=103364"}],"version-history":[{"count":1,"href":"https:\/\/www.caririemacao.com\/1\/wp-json\/wp\/v2\/posts\/103364\/revisions"}],"predecessor-version":[{"id":103366,"href":"https:\/\/www.caririemacao.com\/1\/wp-json\/wp\/v2\/posts\/103364\/revisions\/103366"}],"wp:featuredmedia":[{"embeddable":true,"href":"https:\/\/www.caririemacao.com\/1\/wp-json\/wp\/v2\/media\/103365"}],"wp:attachment":[{"href":"https:\/\/www.caririemacao.com\/1\/wp-json\/wp\/v2\/media?parent=103364"}],"wp:term":[{"taxonomy":"category","embeddable":true,"href":"https:\/\/www.caririemacao.com\/1\/wp-json\/wp\/v2\/categories?post=103364"},{"taxonomy":"post_tag","embeddable":true,"href":"https:\/\/www.caririemacao.com\/1\/wp-json\/wp\/v2\/tags?post=103364"}],"curies":[{"name":"wp","href":"https:\/\/api.w.org\/{rel}","templated":true}]}}