{"id":103368,"date":"2019-07-04T09:31:17","date_gmt":"2019-07-04T12:31:17","guid":{"rendered":"http:\/\/www.caririemacao.com\/1\/?p=103368"},"modified":"2019-07-04T09:31:17","modified_gmt":"2019-07-04T12:31:17","slug":"bolsonaro-celebra-independencia-dos-eua-em-embaixada-no-brasil","status":"publish","type":"post","link":"https:\/\/www.caririemacao.com\/1\/2019\/07\/04\/bolsonaro-celebra-independencia-dos-eua-em-embaixada-no-brasil\/","title":{"rendered":"Bolsonaro celebra independ\u00eancia dos EUA em embaixada no Brasil"},"content":{"rendered":"\n<p>presidente Jair Bolsonaro participou, na noite desta quarta-feira (3), de uma celebra\u00e7\u00e3o pelo anivers\u00e1rio de 243 anos da independ\u00eancia dos Estados Unidos, comemorada no dia 4 de julho. O evento ocorreu na embaixada do pa\u00eds, em Bras\u00edlia, e contou com a presen\u00e7a da primeira-dama, Michelle Bolsonaro, de ministros, parlamentares e diplomatas. Em um breve discurso no final do evento, o presidente citou a longa parceria entre as duas na\u00e7\u00f5es na luta por liberdade.<\/p>\n\n\n\n<p>&#8220;Nos momentos mais dif\u00edceis da hist\u00f3ria do mundo, sempre estiveram juntos, como, podemos citar, a Segunda Guerra Mundial, onde combatemos o nazi-fascismo e, gra\u00e7as \u00e0 vit\u00f3ria dos aliados, conseguimos respirar democracia e garantir algo t\u00e3o importante quando a pr\u00f3pria vida, que \u00e9 a liberdade&#8221;, disse.<\/p>\n\n\n\n<p>O presidente tamb\u00e9m celebrou sua aproxima\u00e7\u00e3o com o presidente norte-americano Donald Trump e a conquista de apoio para ingresso do Brasil na Organiza\u00e7\u00e3o para a Coopera\u00e7\u00e3o e Desenvolvimento Econ\u00f4mico (OCDE), al\u00e9m da designa\u00e7\u00e3o do pa\u00eds como aliado priotir\u00e1rio extra-Organiza\u00e7\u00e3o do Tratado do At\u00e2ntico Norte (Otan), uma alian\u00e7a militar que envolve pa\u00edses da Am\u00e9rica do Norte e da Europa Ocidental.<\/p>\n\n\n\n<p>Bolsonaro disse ainda que, no&nbsp;<a href=\"http:\/\/agenciabrasil.ebc.com.br\/politica\/noticia\/2019-06\/bolsonaro-e-trump-conversam-sobre-ocde-venezuela-e-com%C3%A9rcio-bilateral\" target=\"_blank\" rel=\"noreferrer noopener\">recente encontro<\/a>&nbsp;que teve com Trump, no Jap\u00e3o, durante a reuni\u00e3o do G20, convidou o l\u00edder norte-americano para visitar a Am\u00e9rica do Sul e debater, com governos da regi\u00e3o, a situa\u00e7\u00e3o da Venezuela. &nbsp;<\/p>\n\n\n\n<p>&#8220;Fiz uma solicita\u00e7\u00e3o para ele, talvez ele compare\u00e7a \u00e0 Am\u00e9rica do sul, onde reunir\u00edamos a presen\u00e7a de pa\u00edses que abandonaram a esquerda e que foram para o centro e centro-direita. N\u00e3o queremos que outros pa\u00edses enveredem nessa dire\u00e7\u00e3o&#8221;. &nbsp;<\/p>\n\n\n\n<p>O encarregado de neg\u00f3cios da embaixada do Brasil nos Estados Unidos, Willian Popp, lembrou que os dois pa\u00edses j\u00e1 mant\u00eam uma rela\u00e7\u00e3o diplom\u00e1tica de 197 anos e tamb\u00e9m ressaltou a recente aproxima\u00e7\u00e3o. &#8220;No \u00faltimo ano, a nossa longa parceria, est\u00e1 se tornando mais forte&#8221;. Ele citou o lan\u00e7amento de novas parcerias, com destaque para a&nbsp;<a href=\"http:\/\/agenciabrasil.ebc.com.br\/economia\/noticia\/2019-03\/brasil-e-eua-assinam-acordo-para-uso-da-base-de-alcantara\" target=\"_blank\" rel=\"noreferrer noopener\">assinatura do acordo<\/a>&nbsp;de salvaguardas tecnol\u00f3gicas para o uso comercial da base de lan\u00e7amentos aeroespaciais de Alc\u00e2ntara, no Maranh\u00e3o. Segundo Popp, o acordo, que ainda precisa ser ratificado pelo Congresso Nacional, vai abrir um mercado &#8220;bilion\u00e1rio&#8221; no setor de tecnologia aerospacial.<\/p>\n","protected":false},"excerpt":{"rendered":"<p>presidente Jair Bolsonaro participou, na noite desta quarta-feira (3), de uma celebra\u00e7\u00e3o pelo anivers\u00e1rio de 243 anos da independ\u00eancia dos Estados Unidos, comemorada no dia&hellip; <\/p>\n","protected":false},"author":1,"featured_media":103370,"comment_status":"closed","ping_status":"closed","sticky":false,"template":"","format":"standard","meta":{"sfsi_plus_gutenberg_text_before_share":"","sfsi_plus_gutenberg_show_text_before_share":"","sfsi_plus_gutenberg_icon_type":"","sfsi_plus_gutenberg_icon_alignemt":"","sfsi_plus_gutenburg_max_per_row":"","footnotes":""},"categories":[11],"tags":[],"class_list":["post-103368","post","type-post","status-publish","format-standard","has-post-thumbnail","hentry","category-politica"],"_links":{"self":[{"href":"https:\/\/www.caririemacao.com\/1\/wp-json\/wp\/v2\/posts\/103368","targetHints":{"allow":["GET"]}}],"collection":[{"href":"https:\/\/www.caririemacao.com\/1\/wp-json\/wp\/v2\/posts"}],"about":[{"href":"https:\/\/www.caririemacao.com\/1\/wp-json\/wp\/v2\/types\/post"}],"author":[{"embeddable":true,"href":"https:\/\/www.caririemacao.com\/1\/wp-json\/wp\/v2\/users\/1"}],"replies":[{"embeddable":true,"href":"https:\/\/www.caririemacao.com\/1\/wp-json\/wp\/v2\/comments?post=103368"}],"version-history":[{"count":1,"href":"https:\/\/www.caririemacao.com\/1\/wp-json\/wp\/v2\/posts\/103368\/revisions"}],"predecessor-version":[{"id":103371,"href":"https:\/\/www.caririemacao.com\/1\/wp-json\/wp\/v2\/posts\/103368\/revisions\/103371"}],"wp:featuredmedia":[{"embeddable":true,"href":"https:\/\/www.caririemacao.com\/1\/wp-json\/wp\/v2\/media\/103370"}],"wp:attachment":[{"href":"https:\/\/www.caririemacao.com\/1\/wp-json\/wp\/v2\/media?parent=103368"}],"wp:term":[{"taxonomy":"category","embeddable":true,"href":"https:\/\/www.caririemacao.com\/1\/wp-json\/wp\/v2\/categories?post=103368"},{"taxonomy":"post_tag","embeddable":true,"href":"https:\/\/www.caririemacao.com\/1\/wp-json\/wp\/v2\/tags?post=103368"}],"curies":[{"name":"wp","href":"https:\/\/api.w.org\/{rel}","templated":true}]}}