{"id":103380,"date":"2019-07-04T13:35:52","date_gmt":"2019-07-04T16:35:52","guid":{"rendered":"http:\/\/www.caririemacao.com\/1\/?p=103380"},"modified":"2019-07-05T12:06:25","modified_gmt":"2019-07-05T15:06:25","slug":"prefeitura-de-sume-divulga-resultado-final-da-prova-objetiva-para-eleicao-do-conselho-tutelar-confira","status":"publish","type":"post","link":"https:\/\/www.caririemacao.com\/1\/2019\/07\/04\/prefeitura-de-sume-divulga-resultado-final-da-prova-objetiva-para-eleicao-do-conselho-tutelar-confira\/","title":{"rendered":"Prefeitura de Sum\u00e9 divulga Resultado Final da Prova Objetiva para elei\u00e7\u00e3o do Conselho Tutelar. Confira:"},"content":{"rendered":"\n<p>A Comiss\u00e3o Especial Eleitoral, institu\u00edda pela Resolu\u00e7\u00e3o CMDCA n\u00ba 010\/2019, torna p\u00fablico, conforme previsto no \u00a75\u00ba, Art. 9\u00ba da Resolu\u00e7\u00e3o CMDCA n\u00ba 011\/2019, ratificada pelo Edital CMDCA n\u00ba 001\/2019 (REPUBLICA\u00c7\u00c3O\/RETIFICA\u00c7\u00c3O N\u00ba 001\/2019, de acordo com Lei Federal n\u00ba 13.824, de 09 de maio de 2019), o resultado da prova de sufici\u00eancia dos candidatos a fun\u00e7\u00e3o de Conselheiro Tutelar do munic\u00edpio de Sum\u00e9\/PB (Quadri\u00eanio 2020-2023) .<\/p>\n\n\n\n<table class=\"wp-block-table\"><tbody><tr><td><strong>N\u00ba<\/strong><\/td><td><strong>NOME<\/strong><\/td><td><strong>NOTA<\/strong><\/td><td><strong>SITUA\u00c7\u00c3O<\/strong><\/td><\/tr><tr><td><strong>01<\/strong><\/td><td>DAMIANA M\u00c1RCIA DE FARIAS SANTOS<\/td><td>9,0<\/td><td>APROVADO<\/td><\/tr><tr><td><strong>02<\/strong><\/td><td>D\u00c9BORA LAFAERTE SIM\u00d5ES DE ARA\u00daJO<\/td><td>5,0<\/td><td>APROVADO<\/td><\/tr><tr><td><strong>03<\/strong><\/td><td>EDV\u00c2NIA FERREIRA DE SOUSA<\/td><td>4,0<\/td><td>REPROVADO<\/td><\/tr><tr><td><strong>04<\/strong><\/td><td>EUBA LIDIA DE SOUZA MACIEL<\/td><td>2,0<\/td><td>REPROVADO<\/td><\/tr><tr><td><strong>05<\/strong><\/td><td>FL\u00c1VIO JEAN SOUSA SOBRINHO<\/td><td>3,5<\/td><td>REPROVADO<\/td><\/tr><tr><td><strong>06<\/strong><\/td><td>GENILDA DA SILVA CARVALHO<\/td><td>5,5<\/td><td>APROVADO<\/td><\/tr><tr><td><strong>07<\/strong><\/td><td>GERALDO CLEMENTINO DE SOUZA<\/td><td>6,5<\/td><td>APROVADO<\/td><\/tr><tr><td><strong>08<\/strong><\/td><td>HELLEN KALYONE FERREIRA ARA\u00daJO<\/td><td>\u2013<\/td><td>REPROVADO<\/td><\/tr><tr><td><strong>09<\/strong><\/td><td>IRIS BARBOSA CARNEIRO<\/td><td>6,5<\/td><td>APROVADO<\/td><\/tr><tr><td><strong>10<\/strong><\/td><td>JEFERSON DA SILVA VIEIRA<\/td><td>4,5<\/td><td>REPROVADO<\/td><\/tr><tr><td><strong>11<\/strong><\/td><td>JO\u00c3O CARLOS ARAG\u00c3O ALBINO PEDROSA<\/td><td>\u2013<\/td><td>REPROVADO<\/td><\/tr><tr><td><strong>12<\/strong><\/td><td>JOS\u00c9 ERINALDO DA SILVA<\/td><td>6,0<\/td><td>APROVADO<\/td><\/tr><tr><td><strong>13<\/strong><\/td><td>JOSIMAR GUABIRABA DA SILVA<\/td><td>6,5<\/td><td>APROVADO<\/td><\/tr><tr><td><strong>14<\/strong><\/td><td>LOURIVALDO BEZERRA CAVALCANTE<\/td><td>2,0<\/td><td>REPROVADO<\/td><\/tr><tr><td><strong>15<\/strong><\/td><td>LUCINEIA ALVES DA SILVA CAETANO<\/td><td>6,5<\/td><td>APROVADO<\/td><\/tr><tr><td><strong>16<\/strong><\/td><td>LUCINEIDE FERNANDE DE LIRA<\/td><td>6,0<\/td><td>APROVADO<\/td><\/tr><tr><td><strong>17<\/strong><\/td><td>MARIA DAS DORES BATISTA DA SILVA<\/td><td>6,5<\/td><td>APROVADO<\/td><\/tr><tr><td><strong>18<\/strong><\/td><td>MAYARA DA SILVA QUEIR\u00d3S<\/td><td>2,5<\/td><td>REPROVADO<\/td><\/tr><tr><td><strong>19<\/strong><\/td><td>VERA L\u00daCIA COSTA DE FREITAS<\/td><td>5,0<\/td><td>APROVADO<\/td><\/tr><tr><td><strong>20<\/strong><\/td><td>VER\u00d4NICA BARROS DE ASSIS<\/td><td>6,5<\/td><td>APROVADO<\/td><\/tr><tr><td><strong>21<\/strong><\/td><td>VIVIANE CRISTINA DE OLIVEIRA MELO RODRIGUES<\/td><td>5,5<\/td><td>APROVADO<\/td><\/tr><\/tbody><\/table>\n\n\n\n<p>Sum\u00e9\/PB, 04 de julho de 2019<\/p>\n\n\n\n<p><strong>SHEYLLA DE KASSIA SILVA GALV\u00c3O<\/strong><\/p>\n\n\n\n<p>Presidente da Comiss\u00e3o<\/p>\n","protected":false},"excerpt":{"rendered":"<p>A Comiss\u00e3o Especial Eleitoral, institu\u00edda pela Resolu\u00e7\u00e3o CMDCA n\u00ba 010\/2019, torna p\u00fablico, conforme previsto no \u00a75\u00ba, Art. 9\u00ba da Resolu\u00e7\u00e3o CMDCA n\u00ba 011\/2019, ratificada pelo&hellip; <\/p>\n","protected":false},"author":1,"featured_media":36563,"comment_status":"closed","ping_status":"closed","sticky":false,"template":"","format":"standard","meta":{"sfsi_plus_gutenberg_text_before_share":"","sfsi_plus_gutenberg_show_text_before_share":"","sfsi_plus_gutenberg_icon_type":"","sfsi_plus_gutenberg_icon_alignemt":"","sfsi_plus_gutenburg_max_per_row":"","footnotes":""},"categories":[50,2],"tags":[],"class_list":["post-103380","post","type-post","status-publish","format-standard","has-post-thumbnail","hentry","category-destaque","category-geral"],"_links":{"self":[{"href":"https:\/\/www.caririemacao.com\/1\/wp-json\/wp\/v2\/posts\/103380","targetHints":{"allow":["GET"]}}],"collection":[{"href":"https:\/\/www.caririemacao.com\/1\/wp-json\/wp\/v2\/posts"}],"about":[{"href":"https:\/\/www.caririemacao.com\/1\/wp-json\/wp\/v2\/types\/post"}],"author":[{"embeddable":true,"href":"https:\/\/www.caririemacao.com\/1\/wp-json\/wp\/v2\/users\/1"}],"replies":[{"embeddable":true,"href":"https:\/\/www.caririemacao.com\/1\/wp-json\/wp\/v2\/comments?post=103380"}],"version-history":[{"count":2,"href":"https:\/\/www.caririemacao.com\/1\/wp-json\/wp\/v2\/posts\/103380\/revisions"}],"predecessor-version":[{"id":103502,"href":"https:\/\/www.caririemacao.com\/1\/wp-json\/wp\/v2\/posts\/103380\/revisions\/103502"}],"wp:featuredmedia":[{"embeddable":true,"href":"https:\/\/www.caririemacao.com\/1\/wp-json\/wp\/v2\/media\/36563"}],"wp:attachment":[{"href":"https:\/\/www.caririemacao.com\/1\/wp-json\/wp\/v2\/media?parent=103380"}],"wp:term":[{"taxonomy":"category","embeddable":true,"href":"https:\/\/www.caririemacao.com\/1\/wp-json\/wp\/v2\/categories?post=103380"},{"taxonomy":"post_tag","embeddable":true,"href":"https:\/\/www.caririemacao.com\/1\/wp-json\/wp\/v2\/tags?post=103380"}],"curies":[{"name":"wp","href":"https:\/\/api.w.org\/{rel}","templated":true}]}}