{"id":103390,"date":"2019-07-04T13:39:58","date_gmt":"2019-07-04T16:39:58","guid":{"rendered":"http:\/\/www.caririemacao.com\/1\/?p=103390"},"modified":"2019-07-04T13:39:58","modified_gmt":"2019-07-04T16:39:58","slug":"secretaria-de-educacao-divulga-resultado-do-programa-gira-mundo-16-alunos-caririzeiros-foram-selecionados","status":"publish","type":"post","link":"https:\/\/www.caririemacao.com\/1\/2019\/07\/04\/secretaria-de-educacao-divulga-resultado-do-programa-gira-mundo-16-alunos-caririzeiros-foram-selecionados\/","title":{"rendered":"Secretaria de Educa\u00e7\u00e3o divulga resultado do programa Gira Mundo; 16 alunos caririzeiros foram selecionados"},"content":{"rendered":"\n<p>A Secretaria de Educa\u00e7\u00e3o divulgou, na manh\u00e3 desta quinta-feira (4), o resultado do programa Gira Mundo. O resultado saiu no Di\u00e1rio Oficial.<br>O resultado final contempla 280 estudantes que participam do Interc\u00e2mbio Gira Mundo para Argentina, Canad\u00e1, Chile, Col\u00f4mbia, Espanha e Reino Unido.<br>O Programa \u201cGira Mundo \/Edital 005\/2019\u201d \u00e9 supervisionado e custeado pelo Governo do Estado da Para\u00edba.<br>Confira os alunos caririzeiros:<br><\/p>\n\n\n\n<ul class=\"wp-block-list\"><li>ALESSANDRA DE F\u00c1TIMA BORGES PORTO DE FARIAS 05\u00aa GRE (Monteiro) \u2013 EEEFM Juarez Maracaj\u00e1 253,00 CLASSIFICADO<\/li><li>ISIS KAMILLE ROSAS DE LIMA 05\u00aa GRE (Monteiro) \u2013 EEEFM Prof Jose Goncalves de Queiroz 238,33 CLASSIFICADO<\/li><li>EZEQUIEL DE FARIAS RAMOS 05\u00aa GRE (Monteiro) \u2013 EEEFM Jairo Aires Caluete 227,00 1\u00ba SUPLENTE<\/li><li>CAMARGO GON\u00c7ALVES MACIEL 05\u00aa GRE (Monteiro) \u2013 EEEIEF Francisco de Assis Gonzaga 252,33 CLASSIFICADO<\/li><li>IVAN PINHEIRO PAIVA FILHO 05\u00aa GRE (Monteiro) \u2013 EEEIEF Francisco de Assis Gonzaga 228,33 CLASSIFICADO<\/li><li>JO\u00c3O VITOR MORAES DE LIRA 05\u00aa GRE (Monteiro) \u2013 Ecit Serra Branca 223,33 SUPLENTE<\/li><li>LEONARDO MEDEIROS BEZERRA 05\u00aa GRE (Monteiro) \u2013 EEEFM Juarez Maracaj\u00e1 258,67 CLASSIFICADO<\/li><li>MILENE NAYARA SILVA RIBEIRO 05\u00aa GRE (Monteiro) \u2013 EEEFM Manoel Alves Campos 245,00 CLASSIFICADO<\/li><li>FERNANDO RA\u00cd CARDOSO FLORA 05\u00aa GRE (Monteiro) \u2013 EEEFM Manoel Alves Campos 218,67 1\u00ba SUPLENTE<\/li><li>MARIA ROSA XAVIER LEITE DINIZ 05\u00aa GRE (Monteiro) \u2013 EEEFM Senador Jose Gaud\u00eancio 218,33 2\u00ba SUPLENTE<\/li><li>THAINAR SILVA MARACAJ\u00c1 BARROS 05\u00aa GRE (Monteiro) \u2013 EEEFM Senador Jose Gaud\u00eancio 220,33 CLASSIFICADO<\/li><li>YTALO GUSTAVO GON\u00c7ALVES DE SOUZA 05\u00aa GRE (Monteiro) \u2013 EEEFM Prof Jose Goncalves de Queiroz 238,00 CLASSIFICADO<\/li><li>ELLEN VIT\u00d3RIA SILVA ARA\u00daJO 05\u00aa GRE (Monteiro) \u2013 EEEFM CelServeliano de Farias Castro 232,33 CLASSIFICADO<\/li><li>JADIANE RODRIGUES DA COSTA 05\u00aa GRE (Monteiro) \u2013 EEEFM Prof Jose Goncalves de Queiroz 232,33 1\u00ba SUPLENTE<\/li><li>JULIANA BORGES PEREIRA 05\u00aa GRE (Monteiro) \u2013 EEEFM Juarez Maracaj\u00e1 232,00 2\u00ba SUPLENTE<\/li><li>RAFAEL DE SOUSA CAVALCANTE 05\u00aa GRE (Monteiro) \u2013 Ecit Serra Branca 268,33 CLASSIFICADO<\/li><\/ul>\n\n\n\n<p><strong>Com Informa\u00e7\u00f5es do ClickPB<\/strong><\/p>\n","protected":false},"excerpt":{"rendered":"<p>A Secretaria de Educa\u00e7\u00e3o divulgou, na manh\u00e3 desta quinta-feira (4), o resultado do programa Gira Mundo. O resultado saiu no Di\u00e1rio Oficial.O resultado final contempla&hellip; <\/p>\n","protected":false},"author":1,"featured_media":103391,"comment_status":"closed","ping_status":"closed","sticky":false,"template":"","format":"standard","meta":{"sfsi_plus_gutenberg_text_before_share":"","sfsi_plus_gutenberg_show_text_before_share":"","sfsi_plus_gutenberg_icon_type":"","sfsi_plus_gutenberg_icon_alignemt":"","sfsi_plus_gutenburg_max_per_row":"","footnotes":""},"categories":[14],"tags":[],"class_list":["post-103390","post","type-post","status-publish","format-standard","has-post-thumbnail","hentry","category-educacao"],"_links":{"self":[{"href":"https:\/\/www.caririemacao.com\/1\/wp-json\/wp\/v2\/posts\/103390","targetHints":{"allow":["GET"]}}],"collection":[{"href":"https:\/\/www.caririemacao.com\/1\/wp-json\/wp\/v2\/posts"}],"about":[{"href":"https:\/\/www.caririemacao.com\/1\/wp-json\/wp\/v2\/types\/post"}],"author":[{"embeddable":true,"href":"https:\/\/www.caririemacao.com\/1\/wp-json\/wp\/v2\/users\/1"}],"replies":[{"embeddable":true,"href":"https:\/\/www.caririemacao.com\/1\/wp-json\/wp\/v2\/comments?post=103390"}],"version-history":[{"count":1,"href":"https:\/\/www.caririemacao.com\/1\/wp-json\/wp\/v2\/posts\/103390\/revisions"}],"predecessor-version":[{"id":103392,"href":"https:\/\/www.caririemacao.com\/1\/wp-json\/wp\/v2\/posts\/103390\/revisions\/103392"}],"wp:featuredmedia":[{"embeddable":true,"href":"https:\/\/www.caririemacao.com\/1\/wp-json\/wp\/v2\/media\/103391"}],"wp:attachment":[{"href":"https:\/\/www.caririemacao.com\/1\/wp-json\/wp\/v2\/media?parent=103390"}],"wp:term":[{"taxonomy":"category","embeddable":true,"href":"https:\/\/www.caririemacao.com\/1\/wp-json\/wp\/v2\/categories?post=103390"},{"taxonomy":"post_tag","embeddable":true,"href":"https:\/\/www.caririemacao.com\/1\/wp-json\/wp\/v2\/tags?post=103390"}],"curies":[{"name":"wp","href":"https:\/\/api.w.org\/{rel}","templated":true}]}}