{"id":103399,"date":"2019-07-04T13:42:30","date_gmt":"2019-07-04T16:42:30","guid":{"rendered":"http:\/\/www.caririemacao.com\/1\/?p=103399"},"modified":"2019-07-04T13:42:30","modified_gmt":"2019-07-04T16:42:30","slug":"presidente-nacional-da-oab-visita-monteiro-nesta-sexta-feira","status":"publish","type":"post","link":"https:\/\/www.caririemacao.com\/1\/2019\/07\/04\/presidente-nacional-da-oab-visita-monteiro-nesta-sexta-feira\/","title":{"rendered":"Presidente Nacional da OAB visita Monteiro nesta sexta-feira"},"content":{"rendered":"\n<div class=\"wp-block-image\"><figure class=\"alignleft\"><img decoding=\"async\" data-src=\"https:\/\/i0.wp.com\/www.vitrinedocariri.com.br\/wp-content\/uploads\/2019\/07\/005-5.jpg?zoom=2&amp;resize=330%2C220&amp;ssl=1\" alt=\"\" class=\"wp-image-47617 lazyload\" src=\"data:image\/svg+xml;base64,PHN2ZyB3aWR0aD0iMSIgaGVpZ2h0PSIxIiB4bWxucz0iaHR0cDovL3d3dy53My5vcmcvMjAwMC9zdmciPjwvc3ZnPg==\" \/><\/figure><\/div>\n\n\n\n<p>O Presidente Nacional da Ordem dos Advogados do Brasil. Dr. Felipe Santa Cruz, cumpre agenda na Para\u00edba nesta sexta-feira (05), onde estar\u00e1 no munic\u00edpio de Monteiro, no Cariri.<\/p>\n\n\n\n<p>A solenidade de recep\u00e7\u00e3o est\u00e1 marcada para as 14hs, no Plen\u00e1rio da C\u00e2mara Municipal de Monteiro. Recentemente, Monteiro ganhou uma subse\u00e7\u00e3o da OAB, que tem como presidente, a advogada Dr. Taua Domiciano.<\/p>\n\n\n\n<p>A visita do Presidente Nacional da OAB reunir\u00e1 autoridades de todo o Estado.<\/p>\n","protected":false},"excerpt":{"rendered":"<p>O Presidente Nacional da Ordem dos Advogados do Brasil. Dr. Felipe Santa Cruz, cumpre agenda na Para\u00edba nesta sexta-feira (05), onde estar\u00e1 no munic\u00edpio de&hellip; <\/p>\n","protected":false},"author":1,"featured_media":103400,"comment_status":"closed","ping_status":"closed","sticky":false,"template":"","format":"standard","meta":{"sfsi_plus_gutenberg_text_before_share":"","sfsi_plus_gutenberg_show_text_before_share":"","sfsi_plus_gutenberg_icon_type":"","sfsi_plus_gutenberg_icon_alignemt":"","sfsi_plus_gutenburg_max_per_row":"","footnotes":""},"categories":[2],"tags":[],"class_list":["post-103399","post","type-post","status-publish","format-standard","has-post-thumbnail","hentry","category-geral"],"_links":{"self":[{"href":"https:\/\/www.caririemacao.com\/1\/wp-json\/wp\/v2\/posts\/103399","targetHints":{"allow":["GET"]}}],"collection":[{"href":"https:\/\/www.caririemacao.com\/1\/wp-json\/wp\/v2\/posts"}],"about":[{"href":"https:\/\/www.caririemacao.com\/1\/wp-json\/wp\/v2\/types\/post"}],"author":[{"embeddable":true,"href":"https:\/\/www.caririemacao.com\/1\/wp-json\/wp\/v2\/users\/1"}],"replies":[{"embeddable":true,"href":"https:\/\/www.caririemacao.com\/1\/wp-json\/wp\/v2\/comments?post=103399"}],"version-history":[{"count":1,"href":"https:\/\/www.caririemacao.com\/1\/wp-json\/wp\/v2\/posts\/103399\/revisions"}],"predecessor-version":[{"id":103401,"href":"https:\/\/www.caririemacao.com\/1\/wp-json\/wp\/v2\/posts\/103399\/revisions\/103401"}],"wp:featuredmedia":[{"embeddable":true,"href":"https:\/\/www.caririemacao.com\/1\/wp-json\/wp\/v2\/media\/103400"}],"wp:attachment":[{"href":"https:\/\/www.caririemacao.com\/1\/wp-json\/wp\/v2\/media?parent=103399"}],"wp:term":[{"taxonomy":"category","embeddable":true,"href":"https:\/\/www.caririemacao.com\/1\/wp-json\/wp\/v2\/categories?post=103399"},{"taxonomy":"post_tag","embeddable":true,"href":"https:\/\/www.caririemacao.com\/1\/wp-json\/wp\/v2\/tags?post=103399"}],"curies":[{"name":"wp","href":"https:\/\/api.w.org\/{rel}","templated":true}]}}