{"id":103408,"date":"2019-07-04T13:47:20","date_gmt":"2019-07-04T16:47:20","guid":{"rendered":"http:\/\/www.caririemacao.com\/1\/?p=103408"},"modified":"2019-07-04T13:47:20","modified_gmt":"2019-07-04T16:47:20","slug":"sebrae-paraiba-promove-seminario-de-compras-governamentais-em-monteiro-no-dia-18","status":"publish","type":"post","link":"https:\/\/www.caririemacao.com\/1\/2019\/07\/04\/sebrae-paraiba-promove-seminario-de-compras-governamentais-em-monteiro-no-dia-18\/","title":{"rendered":"SEBRAE Para\u00edba promove Semin\u00e1rio de Compras Governamentais em Monteiro no dia 18"},"content":{"rendered":"\n<p>Contribuir com a capacita\u00e7\u00e3o de agentes p\u00fablicos e de empreendedores de micro e pequenos neg\u00f3cios sobre os processos de compras p\u00fablicas. Esse \u00e9 o objetivo do Semin\u00e1rio de Compras Governamentais que o Sebrae Para\u00edba vai realizar no dia 18 de julho, no munic\u00edpio de Monteiro, Cariri paraibano.<\/p>\n\n\n\n<p>Com palestras voltadas a empres\u00e1rios, agricultores e gestores p\u00fablicos da regi\u00e3o, o evento ser\u00e1 realizado no Clube Municipal de Monteiro, a partir das 8h. As inscri\u00e7\u00f5es, que s\u00e3o gratuitas, podem ser efetuadas atrav\u00e9s do site do Sebrae, no endere\u00e7o http:\/\/loja.sebraepb.com.br\/loja\/evento\/2037617 .<\/p>\n\n\n\n<p>Entre os temas que ser\u00e3o abordados durante o semin\u00e1rio est\u00e3o a apresenta\u00e7\u00e3o da Rede Nacional de Compras e do aplicativo Comprasnet Mobile, criado recentemente pelo governo federal, que permite de forma pr\u00e1tica e \u00e1gil, a partir de dispositivos m\u00f3veis, a consulta de informa\u00e7\u00f5es sobre as compras p\u00fablicas.<\/p>\n\n\n\n<p>Al\u00e9m disso, o evento tamb\u00e9m vai abordar temas como a aquisi\u00e7\u00e3o de produtos da agricultura familiar para a alimenta\u00e7\u00e3o escolar e o acesso ao mercado digital para amplia\u00e7\u00e3o das vendas realizadas atrav\u00e9s da internet. J\u00e1 para os gestores p\u00fablicos, o semin\u00e1rio tamb\u00e9m vai tratar de ferramentas e estrat\u00e9gias inovadoras voltadas as compras governamentais.<\/p>\n\n\n\n<p>\u201cAs compras p\u00fablicas s\u00e3o um importante instrumento de apoio ao mercado local, fazendo o dinheiro circular na pr\u00f3pria cidade. Assim, a economia regional \u00e9 fortalecida, sem comprometer a efic\u00e1cia, a efici\u00eancia e a transpar\u00eancia dos processos de compras governamentais, gerando emprego, renda e garantindo o desenvolvimento local\u201d, salientou o analista do Sebrae Para\u00edba, Jucieux Palmeira.<\/p>\n\n\n\n<p><strong>Servi\u00e7o<\/strong><\/p>\n\n\n\n<p>Semin\u00e1rio de Compras Governamentais<br>Data: 18 de julho<br>Hor\u00e1rio: 8h<br>Local: Clube Municipal de Monteiro. Av. Parque das \u00c1guas, Centro.<br>Inscri\u00e7\u00f5es: http:\/\/loja.sebraepb.com.br\/loja\/evento\/2037617<\/p>\n","protected":false},"excerpt":{"rendered":"<p>Contribuir com a capacita\u00e7\u00e3o de agentes p\u00fablicos e de empreendedores de micro e pequenos neg\u00f3cios sobre os processos de compras p\u00fablicas. Esse \u00e9 o objetivo&hellip; <\/p>\n","protected":false},"author":1,"featured_media":39888,"comment_status":"closed","ping_status":"closed","sticky":false,"template":"","format":"standard","meta":{"sfsi_plus_gutenberg_text_before_share":"","sfsi_plus_gutenberg_show_text_before_share":"","sfsi_plus_gutenberg_icon_type":"","sfsi_plus_gutenberg_icon_alignemt":"","sfsi_plus_gutenburg_max_per_row":"","footnotes":""},"categories":[6,50],"tags":[],"class_list":["post-103408","post","type-post","status-publish","format-standard","has-post-thumbnail","hentry","category-cidades","category-destaque"],"_links":{"self":[{"href":"https:\/\/www.caririemacao.com\/1\/wp-json\/wp\/v2\/posts\/103408","targetHints":{"allow":["GET"]}}],"collection":[{"href":"https:\/\/www.caririemacao.com\/1\/wp-json\/wp\/v2\/posts"}],"about":[{"href":"https:\/\/www.caririemacao.com\/1\/wp-json\/wp\/v2\/types\/post"}],"author":[{"embeddable":true,"href":"https:\/\/www.caririemacao.com\/1\/wp-json\/wp\/v2\/users\/1"}],"replies":[{"embeddable":true,"href":"https:\/\/www.caririemacao.com\/1\/wp-json\/wp\/v2\/comments?post=103408"}],"version-history":[{"count":1,"href":"https:\/\/www.caririemacao.com\/1\/wp-json\/wp\/v2\/posts\/103408\/revisions"}],"predecessor-version":[{"id":103409,"href":"https:\/\/www.caririemacao.com\/1\/wp-json\/wp\/v2\/posts\/103408\/revisions\/103409"}],"wp:featuredmedia":[{"embeddable":true,"href":"https:\/\/www.caririemacao.com\/1\/wp-json\/wp\/v2\/media\/39888"}],"wp:attachment":[{"href":"https:\/\/www.caririemacao.com\/1\/wp-json\/wp\/v2\/media?parent=103408"}],"wp:term":[{"taxonomy":"category","embeddable":true,"href":"https:\/\/www.caririemacao.com\/1\/wp-json\/wp\/v2\/categories?post=103408"},{"taxonomy":"post_tag","embeddable":true,"href":"https:\/\/www.caririemacao.com\/1\/wp-json\/wp\/v2\/tags?post=103408"}],"curies":[{"name":"wp","href":"https:\/\/api.w.org\/{rel}","templated":true}]}}