{"id":103412,"date":"2019-07-04T13:53:07","date_gmt":"2019-07-04T16:53:07","guid":{"rendered":"http:\/\/www.caririemacao.com\/1\/?p=103412"},"modified":"2019-07-04T13:53:07","modified_gmt":"2019-07-04T16:53:07","slug":"policia-da-pb-e-pe-ainda-busca-suspeitos-de-participarem-da-morte-do-policial","status":"publish","type":"post","link":"https:\/\/www.caririemacao.com\/1\/2019\/07\/04\/policia-da-pb-e-pe-ainda-busca-suspeitos-de-participarem-da-morte-do-policial\/","title":{"rendered":"Pol\u00edcia da PB e PE ainda busca suspeitos de participarem da morte do policial"},"content":{"rendered":"\n<p>A morte dos oito suspeitos de estarem envolvidos no roubo ocorrido na cidade de Santa Cruz do Capibaribe, em Pernambuco, e que terminou com um policial morto e outro ferido, n\u00e3o foi o fim das investiga\u00e7\u00f5es policiais sobre o caso. A a\u00e7\u00e3o policial que culminou nas mortes ocorreu no limite entre as cidades de Barra de S\u00e3o Miguel e Riacho de Santo Antonio, na Para\u00edba. De acordo com o secret\u00e1rio de Seguran\u00e7a da Para\u00edba, Jean Francisco, outras pessoas ainda est\u00e3o sendo procuradas e as autoridades trabalham para encontrar novos suspeitos.<\/p>\n\n\n\n<p>\u201cAinda tem uma parte do grupo que precisa ser localizada. A gente ainda tem algumas a\u00e7\u00f5es em andamento, inclusive de buscas e apreens\u00f5es. S\u00e3o grupos que agem com crimes patrimoniais muito violentos e precisamos dar resposta dura a isso\u201d, declarou o secret\u00e1rio durante entrevista coletiva concedida nesta quarta-feira (3).<\/p>\n\n\n\n<p>Todos os mortos j\u00e1 foram identificados e, conforme Jean Francisco, o grupo agia dividido, j\u00e1 que cada um tinha um papel espec\u00edfico dentro do bando. \u201cO papel desse segundo grupo era esconder as armas, dividir o dinheiro e dar fuga aos outros. Uma parte faz a linha de frente e a outra parte atua de outra forma. As mulheres participavam do levantamento\u201d, esclareceu.<\/p>\n\n\n\n<p>As pol\u00edcias, conforme informou o secret\u00e1rio continuam articuladas para conclu\u00edrem essa opera\u00e7\u00e3o. \u201cContinuamos com articula\u00e7\u00f5es com Pernambuco, l\u00e1 tamb\u00e9m est\u00e3o fazendo uma parcial da opera\u00e7\u00e3o, a gente vai fazer o compartilhamento das provas\u201d, disse.<\/p>\n\n\n\n<p>O secret\u00e1rio Jean Francisco explicou que no momento do confronto n\u00e3o havia policiais da Para\u00edba em a\u00e7\u00e3o. Somente ap\u00f3s as mortes j\u00e1 terem acontecido \u00e9 que a pol\u00edcia paraibana chegou ao local. Ele defendeu a rea\u00e7\u00e3o das autoridades pernambucanas e que no momento da opera\u00e7\u00e3o n\u00e3o poderia ter tido recuo.<\/p>\n\n\n\n<p>\u201cOs policiais sendo atacados, eu jamais orientaria a recuar. Isso n\u00e3o existe. Durante as abordagens que fizemos, n\u00f3s tamb\u00e9m poder\u00edamos ter nos deparado com a mesma situa\u00e7\u00e3o e a rea\u00e7\u00e3o seria a mesma. N\u00f3s j\u00e1 tivemos situa\u00e7\u00f5es parecidas com a pol\u00edcia paraibana e com um n\u00famero muito menor de policiais n\u00e3o houve recuo e conseguimos apreender, acho que voc\u00eas lembram, uma metralhadora ponto 50. Nossa guarni\u00e7\u00e3o se colocou em situa\u00e7\u00e3o de perigo at\u00e9 que chegasse o refor\u00e7o\u201d, explicou.<\/p>\n\n\n\n<p><em>Informa\u00e7\u00f5es Portal Correio<\/em><\/p>\n","protected":false},"excerpt":{"rendered":"<p>A morte dos oito suspeitos de estarem envolvidos no roubo ocorrido na cidade de Santa Cruz do Capibaribe, em Pernambuco, e que terminou com um&hellip; <\/p>\n","protected":false},"author":1,"featured_media":103413,"comment_status":"closed","ping_status":"closed","sticky":false,"template":"","format":"standard","meta":{"sfsi_plus_gutenberg_text_before_share":"","sfsi_plus_gutenberg_show_text_before_share":"","sfsi_plus_gutenberg_icon_type":"","sfsi_plus_gutenberg_icon_alignemt":"","sfsi_plus_gutenburg_max_per_row":"","footnotes":""},"categories":[12],"tags":[],"class_list":["post-103412","post","type-post","status-publish","format-standard","has-post-thumbnail","hentry","category-policia"],"_links":{"self":[{"href":"https:\/\/www.caririemacao.com\/1\/wp-json\/wp\/v2\/posts\/103412","targetHints":{"allow":["GET"]}}],"collection":[{"href":"https:\/\/www.caririemacao.com\/1\/wp-json\/wp\/v2\/posts"}],"about":[{"href":"https:\/\/www.caririemacao.com\/1\/wp-json\/wp\/v2\/types\/post"}],"author":[{"embeddable":true,"href":"https:\/\/www.caririemacao.com\/1\/wp-json\/wp\/v2\/users\/1"}],"replies":[{"embeddable":true,"href":"https:\/\/www.caririemacao.com\/1\/wp-json\/wp\/v2\/comments?post=103412"}],"version-history":[{"count":1,"href":"https:\/\/www.caririemacao.com\/1\/wp-json\/wp\/v2\/posts\/103412\/revisions"}],"predecessor-version":[{"id":103414,"href":"https:\/\/www.caririemacao.com\/1\/wp-json\/wp\/v2\/posts\/103412\/revisions\/103414"}],"wp:featuredmedia":[{"embeddable":true,"href":"https:\/\/www.caririemacao.com\/1\/wp-json\/wp\/v2\/media\/103413"}],"wp:attachment":[{"href":"https:\/\/www.caririemacao.com\/1\/wp-json\/wp\/v2\/media?parent=103412"}],"wp:term":[{"taxonomy":"category","embeddable":true,"href":"https:\/\/www.caririemacao.com\/1\/wp-json\/wp\/v2\/categories?post=103412"},{"taxonomy":"post_tag","embeddable":true,"href":"https:\/\/www.caririemacao.com\/1\/wp-json\/wp\/v2\/tags?post=103412"}],"curies":[{"name":"wp","href":"https:\/\/api.w.org\/{rel}","templated":true}]}}