{"id":103419,"date":"2019-07-04T13:54:43","date_gmt":"2019-07-04T16:54:43","guid":{"rendered":"http:\/\/www.caririemacao.com\/1\/?p=103419"},"modified":"2019-07-04T13:54:43","modified_gmt":"2019-07-04T16:54:43","slug":"cdsa-da-ufcg-divulga-resultado-final-do-programa-de-auxilio-ao-ensino-de-graduacao","status":"publish","type":"post","link":"https:\/\/www.caririemacao.com\/1\/2019\/07\/04\/cdsa-da-ufcg-divulga-resultado-final-do-programa-de-auxilio-ao-ensino-de-graduacao\/","title":{"rendered":"CDSA da UFCG divulga resultado final do Programa de Aux\u00edlio ao Ensino de Gradua\u00e7\u00e3o"},"content":{"rendered":"\n<p>A Pr\u00f3-reitoria de Assuntos Comunit\u00e1rios (PRAC) da Universidade Federal de Campina Grande (UFCG) divulgou nesta ter\u00e7a-feira, dia 2, o resultado final do Programa de Aux\u00edlio ao Ensino de Gradua\u00e7\u00e3o (PAEG), da Universidade Federal de Campina Grande (UFCG). Foram selecionados 215 alunos nas vagas gerais e 12 nas vagas destinadas para pessoas com defici\u00eancia, que receber\u00e3o um aux\u00edlio mensal no valor de R$ 350. O resultado era para ter sido divulgado nesta segunda-feira, dia 1\u00ba, mas devido a uma falta de energia no campus sede n\u00e3o foi poss\u00edvel concluir os trabalhos.<\/p>\n\n\n\n<p><a href=\"https:\/\/portal.ufcg.edu.br\/phocadownload\/userupload\/editais\/2019\/RESULTADO%20FINAL%20PAEG-2019.pdf\">Confira aqui o resultado.<\/a><\/p>\n\n\n\n<p>Os demais candidatos, que aparecem na lista na situa\u00e7\u00e3o \u201cclassificado\u201d, s\u00e3o alunos que est\u00e3o no cadastro de reserva, aptos a serem convocados se surgirem novas vagas.<\/p>\n\n\n\n<p>Os estudantes selecionados dever\u00e3o comparecer a uma reuni\u00e3o nos dias 03 e 04 de julho com o setor de Servi\u00e7o Social de cada campus, munidos da c\u00f3pia dos dados banc\u00e1rios para assinatura do Termo de Compromisso.<\/p>\n\n\n\n<p>Confira as datas, hor\u00e1rios e locais:<\/p>\n\n\n\n<p>Campina Grande (DIURNO) \u2013 03\/07\/2019 \u2013 12h \u2013 Audit\u00f3rio do Centro de Extens\u00e3o Jos\u00e9 Farias da N\u00f3brega (Alunos diurnos)<\/p>\n\n\n\n<p>Campina Grande (NOTURNO) \u2013 03\/07\/2019 \u2013 18h30min \u2013 Sala do Servi\u00e7o Social (Bloco AB \u2013 2\u00ba andar)<\/p>\n\n\n\n<p>Cajazeiras \u2013 03\/07\/2019 \u2013 8h \u2013 Audit\u00f3rio Central do CFP<\/p>\n\n\n\n<p>Sousa \u2013 03\/07\/2019 \u2013 8h \u2013 Audit\u00f3rio- Campus Br<\/p>\n\n\n\n<p>Patos \u2013 04\/07\/2019- 15h \u2013 Mini audit\u00f3rio da Dire\u00e7\u00e3o<\/p>\n\n\n\n<p>Cuit\u00e9 \u2013 03\/07\/2019 \u2013 16h \u2013 Audit\u00f3rio no bloco da Dire\u00e7\u00e3o do CES<\/p>\n\n\n\n<p>Sum\u00e9 \u2013 04\/07\/2019 \u2013 9h30min \u2013 Sala de Reuni\u00e3o, bloco 02, Dire\u00e7\u00e3o do CDSA<\/p>\n\n\n\n<p>Pombal \u2013 03\/07\/2019 \u2013 10h \u2013 Audit\u00f3rio do pr\u00e9dio da Administra\u00e7\u00e3o<\/p>\n\n\n\n<p>Caso o estudante n\u00e3o possa comparecer \u00e0 reuni\u00e3o, dever\u00e1 comunicar por escrito previamente ao Setor de Servi\u00e7o Social, sob pena de ser substitu\u00eddo pela listagem do cadastro de reserva.<\/p>\n","protected":false},"excerpt":{"rendered":"<p>A Pr\u00f3-reitoria de Assuntos Comunit\u00e1rios (PRAC) da Universidade Federal de Campina Grande (UFCG) divulgou nesta ter\u00e7a-feira, dia 2, o resultado final do Programa de Aux\u00edlio&hellip; <\/p>\n","protected":false},"author":1,"featured_media":7855,"comment_status":"closed","ping_status":"closed","sticky":false,"template":"","format":"standard","meta":{"sfsi_plus_gutenberg_text_before_share":"","sfsi_plus_gutenberg_show_text_before_share":"","sfsi_plus_gutenberg_icon_type":"","sfsi_plus_gutenberg_icon_alignemt":"","sfsi_plus_gutenburg_max_per_row":"","footnotes":""},"categories":[14],"tags":[],"class_list":["post-103419","post","type-post","status-publish","format-standard","has-post-thumbnail","hentry","category-educacao"],"_links":{"self":[{"href":"https:\/\/www.caririemacao.com\/1\/wp-json\/wp\/v2\/posts\/103419","targetHints":{"allow":["GET"]}}],"collection":[{"href":"https:\/\/www.caririemacao.com\/1\/wp-json\/wp\/v2\/posts"}],"about":[{"href":"https:\/\/www.caririemacao.com\/1\/wp-json\/wp\/v2\/types\/post"}],"author":[{"embeddable":true,"href":"https:\/\/www.caririemacao.com\/1\/wp-json\/wp\/v2\/users\/1"}],"replies":[{"embeddable":true,"href":"https:\/\/www.caririemacao.com\/1\/wp-json\/wp\/v2\/comments?post=103419"}],"version-history":[{"count":1,"href":"https:\/\/www.caririemacao.com\/1\/wp-json\/wp\/v2\/posts\/103419\/revisions"}],"predecessor-version":[{"id":103420,"href":"https:\/\/www.caririemacao.com\/1\/wp-json\/wp\/v2\/posts\/103419\/revisions\/103420"}],"wp:featuredmedia":[{"embeddable":true,"href":"https:\/\/www.caririemacao.com\/1\/wp-json\/wp\/v2\/media\/7855"}],"wp:attachment":[{"href":"https:\/\/www.caririemacao.com\/1\/wp-json\/wp\/v2\/media?parent=103419"}],"wp:term":[{"taxonomy":"category","embeddable":true,"href":"https:\/\/www.caririemacao.com\/1\/wp-json\/wp\/v2\/categories?post=103419"},{"taxonomy":"post_tag","embeddable":true,"href":"https:\/\/www.caririemacao.com\/1\/wp-json\/wp\/v2\/tags?post=103419"}],"curies":[{"name":"wp","href":"https:\/\/api.w.org\/{rel}","templated":true}]}}