{"id":103423,"date":"2019-07-04T13:58:16","date_gmt":"2019-07-04T16:58:16","guid":{"rendered":"http:\/\/www.caririemacao.com\/1\/?p=103423"},"modified":"2019-07-04T13:58:16","modified_gmt":"2019-07-04T16:58:16","slug":"empresario-se-suicida-em-frente-a-ministro-e-governador-de-sergipe","status":"publish","type":"post","link":"https:\/\/www.caririemacao.com\/1\/2019\/07\/04\/empresario-se-suicida-em-frente-a-ministro-e-governador-de-sergipe\/","title":{"rendered":"Empres\u00e1rio se suicida em frente a ministro e governador de Sergipe"},"content":{"rendered":"\n<p>Na manh\u00e3 desta quinta-feira (4), o \u2018Simp\u00f3sio de Oportunidades \u2013 Novo Cen\u00e1rio da Cadeia do G\u00e1s Natural em Sergipe\u2019, que acontecia em um hotel da Orla da Atalaia, na Zona Sul de Aracaju, foi cancelado ap\u00f3s a morte do empres\u00e1rio do setor de cer\u00e2mica, Sadi Gitz.<\/p>\n\n\n\n<p>Ele estava na plateia quando sacou uma arma e atirou contra si, logo ap\u00f3s o pronunciamento do governador de Sergipe, Belivaldo Chagas. O pr\u00f3ximo a falar era o ministro das Minas e Energia, Bento Albuquerque.<\/p>\n\n\n\n<p>O governo do estado de Sergipe emitiu uma nota lamentando o ocorrido com o empres\u00e1rio e confirmou o cancelamento do evento.<\/p>\n\n\n\n<p>O Instituto M\u00e9dio Legal (IML) foi chamado para recolher o corpo do empres\u00e1rio. A Pol\u00edcia Militar est\u00e1 no local.<\/p>\n\n\n\n<figure><iframe width=\"560\" height=\"315\" data-src=\"https:\/\/www.youtube.com\/embed\/HQZKAFxZNF0\" allowfullscreen=\"\" src=\"data:image\/svg+xml;base64,PHN2ZyB3aWR0aD0iMSIgaGVpZ2h0PSIxIiB4bWxucz0iaHR0cDovL3d3dy53My5vcmcvMjAwMC9zdmciPjwvc3ZnPg==\" class=\"lazyload\" data-load-mode=\"1\"><\/iframe><\/figure>\n\n\n\n<p><\/p>\n","protected":false},"excerpt":{"rendered":"<p>Na manh\u00e3 desta quinta-feira (4), o \u2018Simp\u00f3sio de Oportunidades \u2013 Novo Cen\u00e1rio da Cadeia do G\u00e1s Natural em Sergipe\u2019, que acontecia em um hotel da&hellip; <\/p>\n","protected":false},"author":1,"featured_media":103424,"comment_status":"closed","ping_status":"closed","sticky":false,"template":"","format":"standard","meta":{"sfsi_plus_gutenberg_text_before_share":"","sfsi_plus_gutenberg_show_text_before_share":"","sfsi_plus_gutenberg_icon_type":"","sfsi_plus_gutenberg_icon_alignemt":"","sfsi_plus_gutenburg_max_per_row":"","footnotes":""},"categories":[12],"tags":[],"class_list":["post-103423","post","type-post","status-publish","format-standard","has-post-thumbnail","hentry","category-policia"],"_links":{"self":[{"href":"https:\/\/www.caririemacao.com\/1\/wp-json\/wp\/v2\/posts\/103423","targetHints":{"allow":["GET"]}}],"collection":[{"href":"https:\/\/www.caririemacao.com\/1\/wp-json\/wp\/v2\/posts"}],"about":[{"href":"https:\/\/www.caririemacao.com\/1\/wp-json\/wp\/v2\/types\/post"}],"author":[{"embeddable":true,"href":"https:\/\/www.caririemacao.com\/1\/wp-json\/wp\/v2\/users\/1"}],"replies":[{"embeddable":true,"href":"https:\/\/www.caririemacao.com\/1\/wp-json\/wp\/v2\/comments?post=103423"}],"version-history":[{"count":1,"href":"https:\/\/www.caririemacao.com\/1\/wp-json\/wp\/v2\/posts\/103423\/revisions"}],"predecessor-version":[{"id":103425,"href":"https:\/\/www.caririemacao.com\/1\/wp-json\/wp\/v2\/posts\/103423\/revisions\/103425"}],"wp:featuredmedia":[{"embeddable":true,"href":"https:\/\/www.caririemacao.com\/1\/wp-json\/wp\/v2\/media\/103424"}],"wp:attachment":[{"href":"https:\/\/www.caririemacao.com\/1\/wp-json\/wp\/v2\/media?parent=103423"}],"wp:term":[{"taxonomy":"category","embeddable":true,"href":"https:\/\/www.caririemacao.com\/1\/wp-json\/wp\/v2\/categories?post=103423"},{"taxonomy":"post_tag","embeddable":true,"href":"https:\/\/www.caririemacao.com\/1\/wp-json\/wp\/v2\/tags?post=103423"}],"curies":[{"name":"wp","href":"https:\/\/api.w.org\/{rel}","templated":true}]}}