{"id":103430,"date":"2019-07-04T14:00:35","date_gmt":"2019-07-04T17:00:35","guid":{"rendered":"http:\/\/www.caririemacao.com\/1\/?p=103430"},"modified":"2019-07-04T14:00:35","modified_gmt":"2019-07-04T17:00:35","slug":"papa-francisco-diz-que-juizes-devem-ser-isentos-de-favoritismos-e-pressoes","status":"publish","type":"post","link":"https:\/\/www.caririemacao.com\/1\/2019\/07\/04\/papa-francisco-diz-que-juizes-devem-ser-isentos-de-favoritismos-e-pressoes\/","title":{"rendered":"Papa Francisco diz que ju\u00edzes devem ser isentos de favoritismos e press\u00f5es"},"content":{"rendered":"\n<p>Em v\u00eddeo publicado nesta quinta-feira, 4, o papa Francisco ressaltou a import\u00e2ncia da independ\u00eancia dos ju\u00edzes e disse que ela deve ajud\u00e1-los a serem \u201cisentos de favoritismos e das press\u00f5es que possam contaminar as decis\u00f5es que devem tomar\u201d.<\/p>\n\n\n\n<figure class=\"wp-block-image\"><img decoding=\"async\" data-src=\"https:\/\/www.clickpb.com.br\/media\/filer_public\/18\/db\/18dbd937-d557-4714-ba19-ed6173f32005\/twitter_papa.png\" alt=\"\" src=\"data:image\/svg+xml;base64,PHN2ZyB3aWR0aD0iMSIgaGVpZ2h0PSIxIiB4bWxucz0iaHR0cDovL3d3dy53My5vcmcvMjAwMC9zdmciPjwvc3ZnPg==\" class=\"lazyload\" \/><\/figure>\n\n\n\n<p>As imagens mostram a encena\u00e7\u00e3o de uma audi\u00eancia em que as partes mostram diferentes im\u00f3veis: de um lado um pr\u00e9dio em um resort; do outro, uma casa simples.<br><\/p>\n\n\n\n<figure><iframe data-src=\"https:\/\/www.youtube.com\/embed\/-G6ZtUhBUnA\" allowfullscreen=\"\" src=\"data:image\/svg+xml;base64,PHN2ZyB3aWR0aD0iMSIgaGVpZ2h0PSIxIiB4bWxucz0iaHR0cDovL3d3dy53My5vcmcvMjAwMC9zdmciPjwvc3ZnPg==\" class=\"lazyload\" data-load-mode=\"1\"><\/iframe><\/figure>\n\n\n\n<p>\u201cOs ju\u00edzes devem seguir o exemplo de Jesus, que nunca negocia a verdade. Rezemos para que todos aqueles que administram a justi\u00e7a operem com integridade e para que a injusti\u00e7a que atravessa o mundo n\u00e3o tenha a \u00faltima palavra\u201d, completa a mensagem.<br><\/p>\n\n\n\n<p>Nos coment\u00e1rios da mensagem, publicada no Twitter, muitos seguidores fizeram men\u00e7\u00f5es ao ministro Sergio Moro, que tem sua atua\u00e7\u00e3o como juiz contestada ap\u00f3s a divulga\u00e7\u00e3o de uma s\u00e9rie de mensagens com o procurador Deltan Dallagnol.<\/p>\n","protected":false},"excerpt":{"rendered":"<p>Em v\u00eddeo publicado nesta quinta-feira, 4, o papa Francisco ressaltou a import\u00e2ncia da independ\u00eancia dos ju\u00edzes e disse que ela deve ajud\u00e1-los a serem \u201cisentos&hellip; <\/p>\n","protected":false},"author":1,"featured_media":93595,"comment_status":"closed","ping_status":"closed","sticky":false,"template":"","format":"standard","meta":{"sfsi_plus_gutenberg_text_before_share":"","sfsi_plus_gutenberg_show_text_before_share":"","sfsi_plus_gutenberg_icon_type":"","sfsi_plus_gutenberg_icon_alignemt":"","sfsi_plus_gutenburg_max_per_row":"","footnotes":""},"categories":[11],"tags":[],"class_list":["post-103430","post","type-post","status-publish","format-standard","has-post-thumbnail","hentry","category-politica"],"_links":{"self":[{"href":"https:\/\/www.caririemacao.com\/1\/wp-json\/wp\/v2\/posts\/103430","targetHints":{"allow":["GET"]}}],"collection":[{"href":"https:\/\/www.caririemacao.com\/1\/wp-json\/wp\/v2\/posts"}],"about":[{"href":"https:\/\/www.caririemacao.com\/1\/wp-json\/wp\/v2\/types\/post"}],"author":[{"embeddable":true,"href":"https:\/\/www.caririemacao.com\/1\/wp-json\/wp\/v2\/users\/1"}],"replies":[{"embeddable":true,"href":"https:\/\/www.caririemacao.com\/1\/wp-json\/wp\/v2\/comments?post=103430"}],"version-history":[{"count":1,"href":"https:\/\/www.caririemacao.com\/1\/wp-json\/wp\/v2\/posts\/103430\/revisions"}],"predecessor-version":[{"id":103431,"href":"https:\/\/www.caririemacao.com\/1\/wp-json\/wp\/v2\/posts\/103430\/revisions\/103431"}],"wp:featuredmedia":[{"embeddable":true,"href":"https:\/\/www.caririemacao.com\/1\/wp-json\/wp\/v2\/media\/93595"}],"wp:attachment":[{"href":"https:\/\/www.caririemacao.com\/1\/wp-json\/wp\/v2\/media?parent=103430"}],"wp:term":[{"taxonomy":"category","embeddable":true,"href":"https:\/\/www.caririemacao.com\/1\/wp-json\/wp\/v2\/categories?post=103430"},{"taxonomy":"post_tag","embeddable":true,"href":"https:\/\/www.caririemacao.com\/1\/wp-json\/wp\/v2\/tags?post=103430"}],"curies":[{"name":"wp","href":"https:\/\/api.w.org\/{rel}","templated":true}]}}