{"id":103435,"date":"2019-07-04T14:02:21","date_gmt":"2019-07-04T17:02:21","guid":{"rendered":"http:\/\/www.caririemacao.com\/1\/?p=103435"},"modified":"2019-07-04T14:02:21","modified_gmt":"2019-07-04T17:02:21","slug":"bolsonaro-autoriza-prf-convocar-1-000-novos-concursados","status":"publish","type":"post","link":"https:\/\/www.caririemacao.com\/1\/2019\/07\/04\/bolsonaro-autoriza-prf-convocar-1-000-novos-concursados\/","title":{"rendered":"Bolsonaro autoriza PRF convocar 1.000 novos concursados"},"content":{"rendered":"\n<p>O presidente Jair Bolsonaro assinou nesta quarta-feira (3), um decreto em que autoriza a Pol\u00edcia Rodovi\u00e1ria Federal (PRF) convocar 1.000 novos concursados, sendo 500 deles previstos no edital do concurso e os outros 500 al\u00e9m da previs\u00e3o inicial.<\/p>\n\n\n\n<p>O an\u00fancio da assinatura foi feita atrav\u00e9s do twitter do presidente.&nbsp;<\/p>\n\n\n\n<p>Bolsonaro ainda disse que a autoriza\u00e7\u00e3o \u00e9 mais uma medida de fortalecimento da seguran\u00e7a p\u00fablica, &#8220;em especial quanto ao patrulhamento de nossas rodovias&#8221;.&nbsp;<\/p>\n\n\n\n<figure class=\"wp-block-image\"><img decoding=\"async\" data-src=\"https:\/\/www.clickpb.com.br\/media\/filer_public\/73\/08\/7308d4aa-eef8-4276-91e0-888804457b60\/bolsonaro.png\" alt=\"\" src=\"data:image\/svg+xml;base64,PHN2ZyB3aWR0aD0iMSIgaGVpZ2h0PSIxIiB4bWxucz0iaHR0cDovL3d3dy53My5vcmcvMjAwMC9zdmciPjwvc3ZnPg==\" class=\"lazyload\" \/><\/figure>\n","protected":false},"excerpt":{"rendered":"<p>O presidente Jair Bolsonaro assinou nesta quarta-feira (3), um decreto em que autoriza a Pol\u00edcia Rodovi\u00e1ria Federal (PRF) convocar 1.000 novos concursados, sendo 500 deles&hellip; <\/p>\n","protected":false},"author":1,"featured_media":101466,"comment_status":"closed","ping_status":"closed","sticky":false,"template":"","format":"standard","meta":{"sfsi_plus_gutenberg_text_before_share":"","sfsi_plus_gutenberg_show_text_before_share":"","sfsi_plus_gutenberg_icon_type":"","sfsi_plus_gutenberg_icon_alignemt":"","sfsi_plus_gutenburg_max_per_row":"","footnotes":""},"categories":[11],"tags":[],"class_list":["post-103435","post","type-post","status-publish","format-standard","has-post-thumbnail","hentry","category-politica"],"_links":{"self":[{"href":"https:\/\/www.caririemacao.com\/1\/wp-json\/wp\/v2\/posts\/103435","targetHints":{"allow":["GET"]}}],"collection":[{"href":"https:\/\/www.caririemacao.com\/1\/wp-json\/wp\/v2\/posts"}],"about":[{"href":"https:\/\/www.caririemacao.com\/1\/wp-json\/wp\/v2\/types\/post"}],"author":[{"embeddable":true,"href":"https:\/\/www.caririemacao.com\/1\/wp-json\/wp\/v2\/users\/1"}],"replies":[{"embeddable":true,"href":"https:\/\/www.caririemacao.com\/1\/wp-json\/wp\/v2\/comments?post=103435"}],"version-history":[{"count":1,"href":"https:\/\/www.caririemacao.com\/1\/wp-json\/wp\/v2\/posts\/103435\/revisions"}],"predecessor-version":[{"id":103436,"href":"https:\/\/www.caririemacao.com\/1\/wp-json\/wp\/v2\/posts\/103435\/revisions\/103436"}],"wp:featuredmedia":[{"embeddable":true,"href":"https:\/\/www.caririemacao.com\/1\/wp-json\/wp\/v2\/media\/101466"}],"wp:attachment":[{"href":"https:\/\/www.caririemacao.com\/1\/wp-json\/wp\/v2\/media?parent=103435"}],"wp:term":[{"taxonomy":"category","embeddable":true,"href":"https:\/\/www.caririemacao.com\/1\/wp-json\/wp\/v2\/categories?post=103435"},{"taxonomy":"post_tag","embeddable":true,"href":"https:\/\/www.caririemacao.com\/1\/wp-json\/wp\/v2\/tags?post=103435"}],"curies":[{"name":"wp","href":"https:\/\/api.w.org\/{rel}","templated":true}]}}