{"id":103452,"date":"2019-07-04T15:45:46","date_gmt":"2019-07-04T18:45:46","guid":{"rendered":"http:\/\/www.caririemacao.com\/1\/?p=103452"},"modified":"2019-07-04T15:45:46","modified_gmt":"2019-07-04T18:45:46","slug":"no-dia-do-aniversario-do-prefeito-dalyson-quem-ganha-presente-e-a-populacao-zabeleense","status":"publish","type":"post","link":"https:\/\/www.caririemacao.com\/1\/2019\/07\/04\/no-dia-do-aniversario-do-prefeito-dalyson-quem-ganha-presente-e-a-populacao-zabeleense\/","title":{"rendered":"No dia do anivers\u00e1rio do Prefeito Dalyson quem ganha presente \u00e9 a popula\u00e7\u00e3o zabeleense"},"content":{"rendered":"\n<p>O anivers\u00e1rio \u00e9 do Prefeito, mas quem ganha presente \u00e9 a popula\u00e7\u00e3o zabeleense. Mais um carro pra compor a frota da sa\u00fade, resultado do esfor\u00e7o do nosso prefeito em trazer melhorias pro nosso munic\u00edpio.<br>Obrigado Prefeito Dalyson Neves!<br>Obrigado Deputada Federal Edna Henrique!<br>O secret\u00e1rio de sa\u00fade\u00a0Laylson Neves, foi hoje 04\/07 receber o carro conseguido para a sa\u00fade; emenda da nossa Deputada Federal Edna Henrique, e amanh\u00e3 pela manh\u00e3 o veiculo estar\u00e1 em Zabel\u00ea para servir a popula\u00e7\u00e3o do munic\u00edpio.<\/p>\n\n\n\n<p>Zabele ligado <\/p>\n","protected":false},"excerpt":{"rendered":"<p>O anivers\u00e1rio \u00e9 do Prefeito, mas quem ganha presente \u00e9 a popula\u00e7\u00e3o zabeleense. Mais um carro pra compor a frota da sa\u00fade, resultado do esfor\u00e7o&hellip; <\/p>\n","protected":false},"author":1,"featured_media":103453,"comment_status":"closed","ping_status":"closed","sticky":false,"template":"","format":"standard","meta":{"sfsi_plus_gutenberg_text_before_share":"","sfsi_plus_gutenberg_show_text_before_share":"","sfsi_plus_gutenberg_icon_type":"","sfsi_plus_gutenberg_icon_alignemt":"","sfsi_plus_gutenburg_max_per_row":"","footnotes":""},"categories":[6],"tags":[],"class_list":["post-103452","post","type-post","status-publish","format-standard","has-post-thumbnail","hentry","category-cidades"],"_links":{"self":[{"href":"https:\/\/www.caririemacao.com\/1\/wp-json\/wp\/v2\/posts\/103452","targetHints":{"allow":["GET"]}}],"collection":[{"href":"https:\/\/www.caririemacao.com\/1\/wp-json\/wp\/v2\/posts"}],"about":[{"href":"https:\/\/www.caririemacao.com\/1\/wp-json\/wp\/v2\/types\/post"}],"author":[{"embeddable":true,"href":"https:\/\/www.caririemacao.com\/1\/wp-json\/wp\/v2\/users\/1"}],"replies":[{"embeddable":true,"href":"https:\/\/www.caririemacao.com\/1\/wp-json\/wp\/v2\/comments?post=103452"}],"version-history":[{"count":1,"href":"https:\/\/www.caririemacao.com\/1\/wp-json\/wp\/v2\/posts\/103452\/revisions"}],"predecessor-version":[{"id":103454,"href":"https:\/\/www.caririemacao.com\/1\/wp-json\/wp\/v2\/posts\/103452\/revisions\/103454"}],"wp:featuredmedia":[{"embeddable":true,"href":"https:\/\/www.caririemacao.com\/1\/wp-json\/wp\/v2\/media\/103453"}],"wp:attachment":[{"href":"https:\/\/www.caririemacao.com\/1\/wp-json\/wp\/v2\/media?parent=103452"}],"wp:term":[{"taxonomy":"category","embeddable":true,"href":"https:\/\/www.caririemacao.com\/1\/wp-json\/wp\/v2\/categories?post=103452"},{"taxonomy":"post_tag","embeddable":true,"href":"https:\/\/www.caririemacao.com\/1\/wp-json\/wp\/v2\/tags?post=103452"}],"curies":[{"name":"wp","href":"https:\/\/api.w.org\/{rel}","templated":true}]}}