{"id":103466,"date":"2019-07-04T17:56:32","date_gmt":"2019-07-04T20:56:32","guid":{"rendered":"http:\/\/www.caririemacao.com\/1\/?p=103466"},"modified":"2019-07-04T17:56:32","modified_gmt":"2019-07-04T20:56:32","slug":"filho-de-sao-domingos-do-cariri-padre-jose-marcondes-neves-e-designado-pelo-bispo-para-estudar-em-roma","status":"publish","type":"post","link":"https:\/\/www.caririemacao.com\/1\/2019\/07\/04\/filho-de-sao-domingos-do-cariri-padre-jose-marcondes-neves-e-designado-pelo-bispo-para-estudar-em-roma\/","title":{"rendered":"Filho de S\u00e3o Domingos do Cariri, padre Jos\u00e9 Marcondes Neves \u00e9 designado pelo bispo para estudar em Roma"},"content":{"rendered":"\n<p>Em recente carta circular publicada pelo bispo diocesano de Campina Grande, dom Dulc\u00eanio Fontes de Matos, um sacerdote filho de S\u00e3o Domingos do Cariri foi designado para ampliar seus estudos em Roma, sede da Igreja Cat\u00f3lica.<\/p>\n\n\n\n<p>O padre Jos\u00e9 Marcondes Neves \u00e9 natural do s\u00edtio Porteiras e \u00e9 filho de Jos\u00e9 Fernandes das Neves e Zulmira Joana das Neves. Irm\u00e3o do ex-vice-prefeito e secret\u00e1rio Baixinho, Pe. Jos\u00e9 Marcondes j\u00e1 estudou em Roma quando se preparava para o sacerd\u00f3cio. Ele agora volta para dar novos passos em seus estudos teol\u00f3gicos e disse est\u00e1 muito feliz com a miss\u00e3o.<\/p>\n\n\n\n<p>Padre Jos\u00e9 Marcondes Neves atua hoje na par\u00f3quia de Aroeiras e destacou: \u201cEstou feliz pela escolha do nosso bispo. Como bom pastor que \u00e9, ele sabe o que \u00e9 melhor para seu rebanho e ser\u00e1 uma oportunidade de aprendizado e crescimento pessoal e espiritual\u201d.<\/p>\n\n\n\n<p><strong>De Olho no Cariri<\/strong><\/p>\n","protected":false},"excerpt":{"rendered":"<p>Em recente carta circular publicada pelo bispo diocesano de Campina Grande, dom Dulc\u00eanio Fontes de Matos, um sacerdote filho de S\u00e3o Domingos do Cariri foi&hellip; <\/p>\n","protected":false},"author":1,"featured_media":103467,"comment_status":"closed","ping_status":"closed","sticky":false,"template":"","format":"standard","meta":{"sfsi_plus_gutenberg_text_before_share":"","sfsi_plus_gutenberg_show_text_before_share":"","sfsi_plus_gutenberg_icon_type":"","sfsi_plus_gutenberg_icon_alignemt":"","sfsi_plus_gutenburg_max_per_row":"","footnotes":""},"categories":[6],"tags":[],"class_list":["post-103466","post","type-post","status-publish","format-standard","has-post-thumbnail","hentry","category-cidades"],"_links":{"self":[{"href":"https:\/\/www.caririemacao.com\/1\/wp-json\/wp\/v2\/posts\/103466","targetHints":{"allow":["GET"]}}],"collection":[{"href":"https:\/\/www.caririemacao.com\/1\/wp-json\/wp\/v2\/posts"}],"about":[{"href":"https:\/\/www.caririemacao.com\/1\/wp-json\/wp\/v2\/types\/post"}],"author":[{"embeddable":true,"href":"https:\/\/www.caririemacao.com\/1\/wp-json\/wp\/v2\/users\/1"}],"replies":[{"embeddable":true,"href":"https:\/\/www.caririemacao.com\/1\/wp-json\/wp\/v2\/comments?post=103466"}],"version-history":[{"count":1,"href":"https:\/\/www.caririemacao.com\/1\/wp-json\/wp\/v2\/posts\/103466\/revisions"}],"predecessor-version":[{"id":103468,"href":"https:\/\/www.caririemacao.com\/1\/wp-json\/wp\/v2\/posts\/103466\/revisions\/103468"}],"wp:featuredmedia":[{"embeddable":true,"href":"https:\/\/www.caririemacao.com\/1\/wp-json\/wp\/v2\/media\/103467"}],"wp:attachment":[{"href":"https:\/\/www.caririemacao.com\/1\/wp-json\/wp\/v2\/media?parent=103466"}],"wp:term":[{"taxonomy":"category","embeddable":true,"href":"https:\/\/www.caririemacao.com\/1\/wp-json\/wp\/v2\/categories?post=103466"},{"taxonomy":"post_tag","embeddable":true,"href":"https:\/\/www.caririemacao.com\/1\/wp-json\/wp\/v2\/tags?post=103466"}],"curies":[{"name":"wp","href":"https:\/\/api.w.org\/{rel}","templated":true}]}}