{"id":103474,"date":"2019-07-05T10:48:32","date_gmt":"2019-07-05T13:48:32","guid":{"rendered":"http:\/\/www.caririemacao.com\/1\/?p=103474"},"modified":"2019-07-05T10:48:32","modified_gmt":"2019-07-05T13:48:32","slug":"homem-e-atropelado-enquanto-atravessava-rua-na-faixa-de-pedestres-na-pb","status":"publish","type":"post","link":"https:\/\/www.caririemacao.com\/1\/2019\/07\/05\/homem-e-atropelado-enquanto-atravessava-rua-na-faixa-de-pedestres-na-pb\/","title":{"rendered":"Homem \u00e9 atropelado enquanto atravessava rua na faixa de pedestres, na PB"},"content":{"rendered":"\n<p>Um homem foi atropelado por uma moto por volta das 5h30 desta sexta-feira (5). O acidente aconteceu no cruzamento das avenidas Dr. Elp\u00eddio de Almeida e Noujaim Habib, no bairro do Catol\u00e9, em Campina Grande, quando ele estava a caminho do trabalho, na feira central da cidade.<\/p>\n\n\n\n<p>De acordo com o relato da v\u00edtima \u00e0 equipe da TV Para\u00edba, no momento em que atravessava a avenida, na faixa de pedestres, ele foi surpreendido por um motociclista em alta velocidade que n\u00e3o respeitou a sinaliza\u00e7\u00e3o, avan\u00e7ou o sinal vermelho e o atropelou.<\/p>\n\n\n\n<p>O Servi\u00e7o de Atendimento M\u00f3vel de Urg\u00eancia (Samu) foi acionado e realizou os primeiros atendimentos. Segundo o m\u00e9dico da equipe, o homem, de 54 anos, pode ter fraturado a t\u00edbia. Ele foi encaminhado ao Hospital de Emerg\u00eancia e Trauma de Campina Grande para realiza\u00e7\u00e3o de exames e procedimentos necess\u00e1rios.<\/p>\n\n\n\n<p>O motociclista fugiu do local do acidente sem prestar socorro \u00e0 v\u00edtima. As testemunhas n\u00e3o conseguiram identificar a placa do ve\u00edculo.<\/p>\n","protected":false},"excerpt":{"rendered":"<p>Um homem foi atropelado por uma moto por volta das 5h30 desta sexta-feira (5). O acidente aconteceu no cruzamento das avenidas Dr. Elp\u00eddio de Almeida&hellip; <\/p>\n","protected":false},"author":2,"featured_media":86443,"comment_status":"closed","ping_status":"closed","sticky":false,"template":"","format":"standard","meta":{"sfsi_plus_gutenberg_text_before_share":"","sfsi_plus_gutenberg_show_text_before_share":"","sfsi_plus_gutenberg_icon_type":"","sfsi_plus_gutenberg_icon_alignemt":"","sfsi_plus_gutenburg_max_per_row":"","footnotes":""},"categories":[6],"tags":[],"class_list":["post-103474","post","type-post","status-publish","format-standard","has-post-thumbnail","hentry","category-cidades"],"_links":{"self":[{"href":"https:\/\/www.caririemacao.com\/1\/wp-json\/wp\/v2\/posts\/103474","targetHints":{"allow":["GET"]}}],"collection":[{"href":"https:\/\/www.caririemacao.com\/1\/wp-json\/wp\/v2\/posts"}],"about":[{"href":"https:\/\/www.caririemacao.com\/1\/wp-json\/wp\/v2\/types\/post"}],"author":[{"embeddable":true,"href":"https:\/\/www.caririemacao.com\/1\/wp-json\/wp\/v2\/users\/2"}],"replies":[{"embeddable":true,"href":"https:\/\/www.caririemacao.com\/1\/wp-json\/wp\/v2\/comments?post=103474"}],"version-history":[{"count":1,"href":"https:\/\/www.caririemacao.com\/1\/wp-json\/wp\/v2\/posts\/103474\/revisions"}],"predecessor-version":[{"id":103475,"href":"https:\/\/www.caririemacao.com\/1\/wp-json\/wp\/v2\/posts\/103474\/revisions\/103475"}],"wp:featuredmedia":[{"embeddable":true,"href":"https:\/\/www.caririemacao.com\/1\/wp-json\/wp\/v2\/media\/86443"}],"wp:attachment":[{"href":"https:\/\/www.caririemacao.com\/1\/wp-json\/wp\/v2\/media?parent=103474"}],"wp:term":[{"taxonomy":"category","embeddable":true,"href":"https:\/\/www.caririemacao.com\/1\/wp-json\/wp\/v2\/categories?post=103474"},{"taxonomy":"post_tag","embeddable":true,"href":"https:\/\/www.caririemacao.com\/1\/wp-json\/wp\/v2\/tags?post=103474"}],"curies":[{"name":"wp","href":"https:\/\/api.w.org\/{rel}","templated":true}]}}