{"id":103478,"date":"2019-07-05T10:57:29","date_gmt":"2019-07-05T13:57:29","guid":{"rendered":"http:\/\/www.caririemacao.com\/1\/?p=103478"},"modified":"2019-07-05T10:57:29","modified_gmt":"2019-07-05T13:57:29","slug":"sao-sebastiao-do-umbuzeiro-tem-projeto-selecionado-para-apresentacao-em-brasilia","status":"publish","type":"post","link":"https:\/\/www.caririemacao.com\/1\/2019\/07\/05\/sao-sebastiao-do-umbuzeiro-tem-projeto-selecionado-para-apresentacao-em-brasilia\/","title":{"rendered":"S\u00e3o Sebasti\u00e3o do Umbuzeiro tem projeto selecionado para apresenta\u00e7\u00e3o em Bras\u00edlia"},"content":{"rendered":"\n<p>O munic\u00edpio de S\u00e3o Sebasti\u00e3o do Umbuzeiro, no Cariri, teve seu projeto aprovado no \u201cEncontro Nacional do Projeto Aedes na Mira\u201d. Com o t\u00edtulo \u2018Educa\u00e7\u00e3o e Sa\u00fade Ambiental para enfrentamento do Aedes Aegypti \u2013 S\u00e3o Sebasti\u00e3o do Umbuzeiro\u2019, concorreu com 1.500 projetos de autores de todo o pa\u00eds, sendo que apenas 300 foram escolhidos para serem apresentados em Bras\u00edlia.<\/p>\n\n\n\n<p>O projeto foi elaborado pela autora e enfermeira H\u00e9rica Maria Teixeira Medeiros. Na manh\u00e3 desta quinta-feira (4), o projeto foi apresentado no Centro de Conven\u00e7\u00f5es Ulisses Guimar\u00e3es em Bras\u00edlia na Sala M7, em Bras\u00edlia.<\/p>\n\n\n\n<p>O projeto \u00e9 utilizado como ferramenta de educa\u00e7\u00e3o em sa\u00fade e enfrentamento das arboviroses (doen\u00e7as causadas pelos chamados arbov\u00edrus, que incluem o v\u00edrus da dengue, Zika v\u00edrus, febre chikungunya e febre amarela), onde em parceria com Prefeitura e Secret\u00e1rias do munic\u00edpio de S\u00e3o Sebasti\u00e3o do Umbuzeiro, foi buscado levar informa\u00e7\u00f5es de preven\u00e7\u00e3o, educa\u00e7\u00e3o e orienta\u00e7\u00e3o com destaque para o importante papel da popula\u00e7\u00e3o protagonista no combate aos focos do mosquito.<\/p>\n\n\n\n<p>A enfermeira H\u00e9rica Maria Teixeira Medeiros destacou que o projeto visa a a\u00e7\u00e3o em caso de irregularidades para sanar em tempo h\u00e1bil evitando a prolifera\u00e7\u00e3o do mosquito Aedes Aegypti.<\/p>\n\n\n\n<p>\u201cO foco principal \u00e9 estimular o desenvolvimento de novos h\u00e1bitos no que se referem \u00e0s quest\u00f5es ambientais, principalmente quanto ao consumo consciente da \u00e1gua, uma vez que vivenciamos uma das maiores secas de todos os tempos, e a separa\u00e7\u00e3o e destina\u00e7\u00e3o adequada dos res\u00edduos s\u00f3lidos domiciliares para que estes n\u00e3o contribuam na prolifera\u00e7\u00e3o de vetores que causem danos \u00e0 sa\u00fade da popula\u00e7\u00e3o\u201d, disse a autora.<\/p>\n\n\n\n<p>\u201cPara o seu pleno desenvolvimento buscamos a intersetorialidade envolvendo outros \u00f3rg\u00e3os da Prefeitura Municipal, a exemplo das Secretarias de Educa\u00e7\u00e3o, A\u00e7\u00e3o Social e Infraestrutura, bem como demais institui\u00e7\u00f5es como o Conselho Municipal de Sa\u00fade, Sindicato dos Trabalhadores Rurais e Entidades Religiosas\u201d, finalizou.<\/p>\n","protected":false},"excerpt":{"rendered":"<p>O munic\u00edpio de S\u00e3o Sebasti\u00e3o do Umbuzeiro, no Cariri, teve seu projeto aprovado no \u201cEncontro Nacional do Projeto Aedes na Mira\u201d. Com o t\u00edtulo \u2018Educa\u00e7\u00e3o&hellip; <\/p>\n","protected":false},"author":2,"featured_media":25950,"comment_status":"closed","ping_status":"closed","sticky":false,"template":"","format":"standard","meta":{"sfsi_plus_gutenberg_text_before_share":"","sfsi_plus_gutenberg_show_text_before_share":"","sfsi_plus_gutenberg_icon_type":"","sfsi_plus_gutenberg_icon_alignemt":"","sfsi_plus_gutenburg_max_per_row":"","footnotes":""},"categories":[6,50],"tags":[],"class_list":["post-103478","post","type-post","status-publish","format-standard","has-post-thumbnail","hentry","category-cidades","category-destaque"],"_links":{"self":[{"href":"https:\/\/www.caririemacao.com\/1\/wp-json\/wp\/v2\/posts\/103478","targetHints":{"allow":["GET"]}}],"collection":[{"href":"https:\/\/www.caririemacao.com\/1\/wp-json\/wp\/v2\/posts"}],"about":[{"href":"https:\/\/www.caririemacao.com\/1\/wp-json\/wp\/v2\/types\/post"}],"author":[{"embeddable":true,"href":"https:\/\/www.caririemacao.com\/1\/wp-json\/wp\/v2\/users\/2"}],"replies":[{"embeddable":true,"href":"https:\/\/www.caririemacao.com\/1\/wp-json\/wp\/v2\/comments?post=103478"}],"version-history":[{"count":1,"href":"https:\/\/www.caririemacao.com\/1\/wp-json\/wp\/v2\/posts\/103478\/revisions"}],"predecessor-version":[{"id":103479,"href":"https:\/\/www.caririemacao.com\/1\/wp-json\/wp\/v2\/posts\/103478\/revisions\/103479"}],"wp:featuredmedia":[{"embeddable":true,"href":"https:\/\/www.caririemacao.com\/1\/wp-json\/wp\/v2\/media\/25950"}],"wp:attachment":[{"href":"https:\/\/www.caririemacao.com\/1\/wp-json\/wp\/v2\/media?parent=103478"}],"wp:term":[{"taxonomy":"category","embeddable":true,"href":"https:\/\/www.caririemacao.com\/1\/wp-json\/wp\/v2\/categories?post=103478"},{"taxonomy":"post_tag","embeddable":true,"href":"https:\/\/www.caririemacao.com\/1\/wp-json\/wp\/v2\/tags?post=103478"}],"curies":[{"name":"wp","href":"https:\/\/api.w.org\/{rel}","templated":true}]}}