{"id":103483,"date":"2019-07-05T11:13:34","date_gmt":"2019-07-05T14:13:34","guid":{"rendered":"http:\/\/www.caririemacao.com\/1\/?p=103483"},"modified":"2019-07-05T11:13:34","modified_gmt":"2019-07-05T14:13:34","slug":"ministerio-da-saude-destina-r-3-milhoes-para-atencao-basica-de-53-cidades-da-paraiba","status":"publish","type":"post","link":"https:\/\/www.caririemacao.com\/1\/2019\/07\/05\/ministerio-da-saude-destina-r-3-milhoes-para-atencao-basica-de-53-cidades-da-paraiba\/","title":{"rendered":"Minist\u00e9rio da Sa\u00fade destina R$ 3 milh\u00f5es para Aten\u00e7\u00e3o B\u00e1sica de 53 cidades da Para\u00edba"},"content":{"rendered":"\n<p>O minist\u00e9rio da sa\u00fade vai destinar cerca de R$ 3 milh\u00f5es para credenciar 96 novas equipes ou servi\u00e7os de Aten\u00e7\u00e3o B\u00e1sica Prim\u00e1ria, em 53 cidades. De acordo com o ministro Luiz Henrique Mandetta, o valor tamb\u00e9m deve financiar 29 agentes comunit\u00e1rios de sa\u00fade e ainda ser\u00e1 usado para implantar 15 polos de de Academia da Sa\u00fade, um grupo de sa\u00fade prisional, tr\u00eas centros especializados em Odontologia e 19 laborat\u00f3rios de pr\u00f3teses dent\u00e1rias.<\/p>\n\n\n\n<p>Os recursos come\u00e7am a ser repassados aos estados e munic\u00edpios a partir do momento em que as novas equipes e servi\u00e7os credenciados iniciam o atendimento \u00e0 popula\u00e7\u00e3o. As contrata\u00e7\u00f5es s\u00e3o feitas pelos gestores locais. Os munic\u00edpios da Para\u00edba contemplados n\u00e3o foram informados pela pasta.<\/p>\n\n\n\n<p>De acordo com Mandetta, \u00e9 preciso reestruturar o Sistema \u00danico de Sa\u00fade atrav\u00e9s dos mecanismos de aten\u00e7\u00e3o prim\u00e1ria. &nbsp;\u201cQueremos construir a pol\u00edtica de regionaliza\u00e7\u00e3o, junto dos secret\u00e1rios municipais de sa\u00fade, dividindo os munic\u00edpios em distritos sanit\u00e1rios para melhor atender os mais de 200 milh\u00f5es de brasileiros nos diferentes n\u00edveis de aten\u00e7\u00e3o: prim\u00e1ria, m\u00e9dia e alta\u201d, pontuou.<\/p>\n\n\n\n<p><em>Com Pol\u00eamica PB<\/em><\/p>\n","protected":false},"excerpt":{"rendered":"<p>O minist\u00e9rio da sa\u00fade vai destinar cerca de R$ 3 milh\u00f5es para credenciar 96 novas equipes ou servi\u00e7os de Aten\u00e7\u00e3o B\u00e1sica Prim\u00e1ria, em 53 cidades.&hellip; <\/p>\n","protected":false},"author":2,"featured_media":29694,"comment_status":"closed","ping_status":"closed","sticky":false,"template":"","format":"standard","meta":{"sfsi_plus_gutenberg_text_before_share":"","sfsi_plus_gutenberg_show_text_before_share":"","sfsi_plus_gutenberg_icon_type":"","sfsi_plus_gutenberg_icon_alignemt":"","sfsi_plus_gutenburg_max_per_row":"","footnotes":""},"categories":[16],"tags":[],"class_list":["post-103483","post","type-post","status-publish","format-standard","has-post-thumbnail","hentry","category-saude"],"_links":{"self":[{"href":"https:\/\/www.caririemacao.com\/1\/wp-json\/wp\/v2\/posts\/103483","targetHints":{"allow":["GET"]}}],"collection":[{"href":"https:\/\/www.caririemacao.com\/1\/wp-json\/wp\/v2\/posts"}],"about":[{"href":"https:\/\/www.caririemacao.com\/1\/wp-json\/wp\/v2\/types\/post"}],"author":[{"embeddable":true,"href":"https:\/\/www.caririemacao.com\/1\/wp-json\/wp\/v2\/users\/2"}],"replies":[{"embeddable":true,"href":"https:\/\/www.caririemacao.com\/1\/wp-json\/wp\/v2\/comments?post=103483"}],"version-history":[{"count":1,"href":"https:\/\/www.caririemacao.com\/1\/wp-json\/wp\/v2\/posts\/103483\/revisions"}],"predecessor-version":[{"id":103484,"href":"https:\/\/www.caririemacao.com\/1\/wp-json\/wp\/v2\/posts\/103483\/revisions\/103484"}],"wp:featuredmedia":[{"embeddable":true,"href":"https:\/\/www.caririemacao.com\/1\/wp-json\/wp\/v2\/media\/29694"}],"wp:attachment":[{"href":"https:\/\/www.caririemacao.com\/1\/wp-json\/wp\/v2\/media?parent=103483"}],"wp:term":[{"taxonomy":"category","embeddable":true,"href":"https:\/\/www.caririemacao.com\/1\/wp-json\/wp\/v2\/categories?post=103483"},{"taxonomy":"post_tag","embeddable":true,"href":"https:\/\/www.caririemacao.com\/1\/wp-json\/wp\/v2\/tags?post=103483"}],"curies":[{"name":"wp","href":"https:\/\/api.w.org\/{rel}","templated":true}]}}