{"id":103485,"date":"2019-07-05T11:26:25","date_gmt":"2019-07-05T14:26:25","guid":{"rendered":"http:\/\/www.caririemacao.com\/1\/?p=103485"},"modified":"2019-07-05T11:26:25","modified_gmt":"2019-07-05T14:26:25","slug":"suspeito-de-causar-acidente-envolvendo-cinco-veiculos-na-av-epitacio-pessoa-se-apresenta-a-policia-civil","status":"publish","type":"post","link":"https:\/\/www.caririemacao.com\/1\/2019\/07\/05\/suspeito-de-causar-acidente-envolvendo-cinco-veiculos-na-av-epitacio-pessoa-se-apresenta-a-policia-civil\/","title":{"rendered":"Suspeito de causar acidente envolvendo cinco ve\u00edculos na Av. Epit\u00e1cio Pessoa se apresenta \u00e0 Pol\u00edcia Civil"},"content":{"rendered":"\n<p>O motorista respons\u00e1vel pelo acidente ocorrido na Epit\u00e1cio Pessoa na \u00faltima segunda-feira (1) se apresentou, na noite desta quinta-feira (4), na Central de Flagrantes da Pol\u00edcia Civil, no bairro do Geisel, em Jo\u00e3o Pessoa. J\u00e1 identificado, Raimilson Tadeu da Silva Pereira, de 31 anos, conhecido no meio social como Tadeu Panta, era considerado foragido.<\/p>\n\n\n\n<p>De acordo com informa\u00e7\u00f5es da assessoria da Pol\u00edcia Civil, ele foi interrogado pela delegada L\u00eddia Veloso. No entanto, a delegada n\u00e3o ir\u00e1 conceder entrevistas em virtude do inqu\u00e9rito que apura o caso estar sob a responsabilidade da Delegacia de Acidentes de Ve\u00edculos da Capital. Novas informa\u00e7\u00f5es referentes ao caso somente ser\u00e3o repassadas \u00e0 imprensa nesta sexta-feira (5).<\/p>\n\n\n\n<h2 class=\"wp-block-heading\"><strong>MOTORISTA TINHA BEBIDO<\/strong><\/h2>\n\n\n\n<p>Raimilson Tadeu da Silva Pereira estaria embriagado no momento do acidente, conforme informa\u00e7\u00f5es confirmadas pela delegada Roberta Neiva. Ele teria ingerido ao menos nove cervejas durante algumas horas antes do acidente. A Pol\u00edcia Civil conta com imagens do suspeito e com a conta de consumo de um bar onde ele esteve, localizado no bairro da Torre.<\/p>\n\n\n\n<p>\u201cFizemos todo o levantamento do que ele veio fazendo e constatamos que ele passou a tarde em um bar da Capital, ingeriu nove cervejas [entre 15h30 e 17h30] e de l\u00e1, minutos depois, aconteceu o crime\u201d, disse a delegada.<\/p>\n\n\n\n<div class=\"wp-block-image\"><figure class=\"alignleft\"><a href=\"https:\/\/www.wscom.com.br\/wp-content\/uploads\/2019\/07\/Acidente-1.jpeg\"><img decoding=\"async\" data-src=\"https:\/\/www.wscom.com.br\/wp-content\/uploads\/2019\/07\/Acidente-1.jpeg\" alt=\"\" class=\"wp-image-630857 lazyload\" src=\"data:image\/svg+xml;base64,PHN2ZyB3aWR0aD0iMSIgaGVpZ2h0PSIxIiB4bWxucz0iaHR0cDovL3d3dy53My5vcmcvMjAwMC9zdmciPjwvc3ZnPg==\" \/><\/a><\/figure><\/div>\n\n\n\n<h2 class=\"wp-block-heading\"><strong>V\u00c1RIOS CRIMES<\/strong><\/h2>\n\n\n\n<p>Ainda de acordo com Roberta Neiva, o suspeito ir\u00e1 responder pelos crimes de les\u00e3o corporal grave, omiss\u00e3o de socorro, evas\u00e3o do local do crime, al\u00e9m de trafegar na faixa do \u00f4nibus exclusiva e avan\u00e7ar na faixa de pedestre.<\/p>\n\n\n\n<p>\u201cNa verdade, o crime n\u00e3o \u00e9 mais apenas uma les\u00e3o corporal no tr\u00e2nsito, que a pena \u00e9 menor. Ela vai de 1 a 5 anos em virtude da embriaguez e do fato de uma das v\u00edtimas est\u00e1 internada em estado grave no hospital, o que est\u00e1 constatado pelo exame pericial feito ontem [ter\u00e7a]\u201d, comentou em entrevista recente \u00e0 imprensa.<\/p>\n\n\n\n<p>Confira imagens do acidente e do suspeito em um bar da Capital:<\/p>\n\n\n\n<figure><iframe data-src=\"https:\/\/www.youtube.com\/embed\/CVyduyVorPM\" width=\"100%\" height=\"315\" allowfullscreen=\"allowfullscreen\" src=\"data:image\/svg+xml;base64,PHN2ZyB3aWR0aD0iMSIgaGVpZ2h0PSIxIiB4bWxucz0iaHR0cDovL3d3dy53My5vcmcvMjAwMC9zdmciPjwvc3ZnPg==\" class=\"lazyload\" data-load-mode=\"1\"><\/iframe><\/figure>\n\n\n\n<figure><iframe data-src=\"https:\/\/www.youtube.com\/embed\/_ApzpDAXuJY\" width=\"100%\" height=\"315\" allowfullscreen=\"allowfullscreen\" src=\"data:image\/svg+xml;base64,PHN2ZyB3aWR0aD0iMSIgaGVpZ2h0PSIxIiB4bWxucz0iaHR0cDovL3d3dy53My5vcmcvMjAwMC9zdmciPjwvc3ZnPg==\" class=\"lazyload\" data-load-mode=\"1\"><\/iframe><\/figure>\n\n\n\n<figure><iframe data-src=\"https:\/\/www.youtube.com\/embed\/DIZrIVaRI6Y\" width=\"100%\" height=\"315\" allowfullscreen=\"allowfullscreen\" src=\"data:image\/svg+xml;base64,PHN2ZyB3aWR0aD0iMSIgaGVpZ2h0PSIxIiB4bWxucz0iaHR0cDovL3d3dy53My5vcmcvMjAwMC9zdmciPjwvc3ZnPg==\" class=\"lazyload\" data-load-mode=\"1\"><\/iframe><\/figure>\n\n\n\n<figure><iframe data-src=\"https:\/\/www.youtube.com\/embed\/9GQqwQAPfSc\" width=\"100%\" height=\"315\" allowfullscreen=\"allowfullscreen\" src=\"data:image\/svg+xml;base64,PHN2ZyB3aWR0aD0iMSIgaGVpZ2h0PSIxIiB4bWxucz0iaHR0cDovL3d3dy53My5vcmcvMjAwMC9zdmciPjwvc3ZnPg==\" class=\"lazyload\" data-load-mode=\"1\"><\/iframe><\/figure>\n\n\n\n<figure><iframe data-src=\"https:\/\/www.youtube.com\/embed\/_ApzpDAXuJY\" width=\"100%\" height=\"315\" allowfullscreen=\"allowfullscreen\" src=\"data:image\/svg+xml;base64,PHN2ZyB3aWR0aD0iMSIgaGVpZ2h0PSIxIiB4bWxucz0iaHR0cDovL3d3dy53My5vcmcvMjAwMC9zdmciPjwvc3ZnPg==\" class=\"lazyload\" data-load-mode=\"1\"><\/iframe><\/figure>\n\n\n\n<figure><iframe data-src=\"https:\/\/www.youtube.com\/embed\/Uw4lsS9gi18\" width=\"100%\" height=\"315\" allowfullscreen=\"allowfullscreen\" src=\"data:image\/svg+xml;base64,PHN2ZyB3aWR0aD0iMSIgaGVpZ2h0PSIxIiB4bWxucz0iaHR0cDovL3d3dy53My5vcmcvMjAwMC9zdmciPjwvc3ZnPg==\" class=\"lazyload\" data-load-mode=\"1\"><\/iframe><\/figure>\n\n\n\n<figure><iframe data-src=\"https:\/\/www.youtube.com\/embed\/9VvxV6W3sHQ\" width=\"100%\" height=\"315\" allowfullscreen=\"allowfullscreen\" src=\"data:image\/svg+xml;base64,PHN2ZyB3aWR0aD0iMSIgaGVpZ2h0PSIxIiB4bWxucz0iaHR0cDovL3d3dy53My5vcmcvMjAwMC9zdmciPjwvc3ZnPg==\" class=\"lazyload\" data-load-mode=\"1\"><\/iframe><\/figure>\n\n\n\n<p>\u2014<br><strong><em>Portal WSCOM<\/em><\/strong><\/p>\n","protected":false},"excerpt":{"rendered":"<p>O motorista respons\u00e1vel pelo acidente ocorrido na Epit\u00e1cio Pessoa na \u00faltima segunda-feira (1) se apresentou, na noite desta quinta-feira (4), na Central de Flagrantes da&hellip; <\/p>\n","protected":false},"author":2,"featured_media":103486,"comment_status":"closed","ping_status":"closed","sticky":false,"template":"","format":"standard","meta":{"sfsi_plus_gutenberg_text_before_share":"","sfsi_plus_gutenberg_show_text_before_share":"","sfsi_plus_gutenberg_icon_type":"","sfsi_plus_gutenberg_icon_alignemt":"","sfsi_plus_gutenburg_max_per_row":"","footnotes":""},"categories":[12],"tags":[],"class_list":["post-103485","post","type-post","status-publish","format-standard","has-post-thumbnail","hentry","category-policia"],"_links":{"self":[{"href":"https:\/\/www.caririemacao.com\/1\/wp-json\/wp\/v2\/posts\/103485","targetHints":{"allow":["GET"]}}],"collection":[{"href":"https:\/\/www.caririemacao.com\/1\/wp-json\/wp\/v2\/posts"}],"about":[{"href":"https:\/\/www.caririemacao.com\/1\/wp-json\/wp\/v2\/types\/post"}],"author":[{"embeddable":true,"href":"https:\/\/www.caririemacao.com\/1\/wp-json\/wp\/v2\/users\/2"}],"replies":[{"embeddable":true,"href":"https:\/\/www.caririemacao.com\/1\/wp-json\/wp\/v2\/comments?post=103485"}],"version-history":[{"count":1,"href":"https:\/\/www.caririemacao.com\/1\/wp-json\/wp\/v2\/posts\/103485\/revisions"}],"predecessor-version":[{"id":103487,"href":"https:\/\/www.caririemacao.com\/1\/wp-json\/wp\/v2\/posts\/103485\/revisions\/103487"}],"wp:featuredmedia":[{"embeddable":true,"href":"https:\/\/www.caririemacao.com\/1\/wp-json\/wp\/v2\/media\/103486"}],"wp:attachment":[{"href":"https:\/\/www.caririemacao.com\/1\/wp-json\/wp\/v2\/media?parent=103485"}],"wp:term":[{"taxonomy":"category","embeddable":true,"href":"https:\/\/www.caririemacao.com\/1\/wp-json\/wp\/v2\/categories?post=103485"},{"taxonomy":"post_tag","embeddable":true,"href":"https:\/\/www.caririemacao.com\/1\/wp-json\/wp\/v2\/tags?post=103485"}],"curies":[{"name":"wp","href":"https:\/\/api.w.org\/{rel}","templated":true}]}}